{"id":7848,"date":"2025-12-08T19:39:21","date_gmt":"2025-12-08T22:39:21","guid":{"rendered":"https:\/\/sinasefesm.com\/?p=7848"},"modified":"2025-12-08T19:39:22","modified_gmt":"2025-12-08T22:39:22","slug":"sindicato-aprova-participacao-no-movimento-nacional-em-defesa-do-ensino-medio-integrado-e-eja-ept","status":"publish","type":"post","link":"https:\/\/sinasefesm.com\/index.php\/2025\/12\/08\/sindicato-aprova-participacao-no-movimento-nacional-em-defesa-do-ensino-medio-integrado-e-eja-ept\/","title":{"rendered":"Sindicato aprova participa\u00e7\u00e3o no movimento nacional em defesa do Ensino M\u00e9dio Integrado e EJA-EPT"},"content":{"rendered":"\n<p>Na \u00faltima sexta, 5 de dezembro, o Sinasefe Santa Maria reuniu o GT de Pol\u00edticas Educacionais e Culturais para avaliar o atual cen\u00e1rio das pol\u00edticas de Educa\u00e7\u00e3o Profissional e Tecnol\u00f3gica. Ap\u00f3s as discuss\u00f5es, a se\u00e7\u00e3o aprovou a participa\u00e7\u00e3o no movimento nacional em defesa do Ensino M\u00e9dio Integrado (EMI) e da EJA-EPT (Educa\u00e7\u00e3o de Jovens e Adultos integrada \u00e0 Educa\u00e7\u00e3o Profissional e Tecnol\u00f3gica.<\/p>\n\n\n\n<p>Da reuni\u00e3o, foi tirada como a\u00e7\u00e3o o posicionamento da se\u00e7\u00e3o com avalia\u00e7\u00e3o de estudantes do EMI e pesquisadores da pol\u00edtica. O grupo entendeu como temerosa a a\u00e7\u00e3o do MEC que criou um GT e caminha para institui\u00e7\u00e3o em que a forma\u00e7\u00e3o profissional seja apenas um itiner\u00e1rio formativo.<\/p>\n\n\n\n<p>Na regi\u00e3o, o CTISM, a Escola Estadual Maria Rocha e os Institutos Federais (IFs) ofertam turmas de EMI.<\/p>\n\n\n\n<p>A se\u00e7\u00e3o sindical defende que esta \u00e9 uma forma\u00e7\u00e3o muito importante para os jovens e tamb\u00e9m para as experi\u00eancias com jovens e adultos, pois possibilita acesso a institui\u00e7\u00f5es de refer\u00eancia, promovendo uma forma\u00e7\u00e3o integral e com in\u00fameras possibilidades: seja de trabalho ou continuidade dos estudos.<\/p>\n\n\n\n<p>Para o professor de Sociologia do Col\u00e9gio Polit\u00e9cnico da UFSM, pesquisador das trajet\u00f3rias de estudantes do EMI, professor Alejandro Lezcano, \u201co projeto de expans\u00e3o da Rede Federal de Educa\u00e7\u00e3o, iniciado em 2008, promoveu um novo modelo de Ensino M\u00e9dio Integrado (EMI). Em conjunto com pol\u00edticas de a\u00e7\u00f5es afirmativas, essa expans\u00e3o possibilitou que estudantes das classes trabalhadoras, historicamente exclu\u00eddos do acesso \u00e0 educa\u00e7\u00e3o p\u00fablica de qualidade, pudessem ingressar em institui\u00e7\u00f5es com infraestrutura e ensino qualificados, criando novas oportunidades educacionais para milhares de jovens.\u201d<\/p>\n\n\n\n<p>Para a professora do Programa de P\u00f3s-gradua\u00e7\u00e3o em Educa\u00e7\u00e3o Profissional e tamb\u00e9m pesquisadora do EMI e da EJA-EPT, Mariglei Maraschin, a aprova\u00e7\u00e3o de tal legisla\u00e7\u00e3o ser\u00e1 um retrocesso junto ao projeto que tamb\u00e9m mudou o Ensino M\u00e9dio, criando o \u201cNovo Ensino M\u00e9dio\u201d em 2017.<\/p>\n\n\n\n<p>O EMI \u00e9 uma forma de Ensino M\u00e9dio que vem se fortalecendo muito e que tem contribu\u00eddo para a qualidade da forma\u00e7\u00e3o de jovens e adultos, al\u00e9m de formar com qualidade no Ensino M\u00e9dio, proporciona uma viv\u00eancia em uma forma\u00e7\u00e3o t\u00e9cnica, abrindo portas para inser\u00e7\u00e3o no mundo do trabalho. Ademais, as escolas que ofertam EMI oportunizam significativas experi\u00eancias aos seus estudantes, sejam participa\u00e7\u00e3o de n\u00facleos ou em projetos de ensino, pesquisa e extens\u00e3o.<\/p>\n\n\n\n<p><strong>Acompanhe alguns relatos de estudantes que integram o EMI do CTISM:<\/strong><\/p>\n\n\n\n<p>&nbsp;\u201cO EMI representa para mim uma forma\u00e7\u00e3o integral, unindo a prepara\u00e7\u00e3o profissional junto \u00e0 autonomia e vis\u00e3o do mundo ao nosso redor\u201d. (abriel Rockenbach, estudante do 2\u00ba ano do Ensino M\u00e9dio Integrado \u00e0 Eletrot\u00e9cnica)<\/p>\n\n\n\n<p>\u201cO Ensino M\u00e9dio Integrado me abriu portas e me mostrou possibilidades que, imagino eu, dificilmente teria encontrado em qualquer outro lugar nessa fase da minha vida. Sendo assim, teve um papel fundamental no meu amadurecimento e no desenvolvimento de quem estou me tornando.\u201d (Luisa Razera, estudante do 3\u00ba ano do EM Integrado \u00e0 Mec\u00e2nica)<\/p>\n\n\n\n<p>\u201cFazer parte do EMI no CTISM \u00e9 a uni\u00e3o da forma\u00e7\u00e3o humana com o conhecimento tecnol\u00f3gico.\u201d (Maria Eduarda da Roza Ivo, estudante do 3\u00ba ano de Mec\u00e2nica)<\/p>\n\n\n\n<p>\u201cFazer ensino m\u00e9dio integrado no CTISM representa a constru\u00e7\u00e3o de maiores chances de ascender socialmente atrav\u00e9s da educa\u00e7\u00e3o e da profissionaliza\u00e7\u00e3o.\u201d (Isadora Marodin Lemes, estudante do 3\u00ba ano do EM Integrado \u00e0 Mec\u00e2nica)<\/p>\n\n\n\n<p>A se\u00e7\u00e3o do Sinasefe de Santa Maria aproveita para convida a todas e todos os sindicalizados a ficarem atentos \u00e0s discuss\u00f5es e tamb\u00e9m \u00e0s mobiliza\u00e7\u00f5es nacionais e locais em Defesa do Ensino M\u00e9dio Integrado e da EJA-EPT.<\/p>\n\n\n\n<p><em>Foto: Sinasefe Nacional<\/em><\/p>\n\n\n\n<p><\/p>\n","protected":false},"excerpt":{"rendered":"<p>Na \u00faltima sexta, 5 de dezembro, o Sinasefe Santa Maria reuniu o GT de Pol\u00edticas Educacionais e Culturais para avaliar o atual cen\u00e1rio das pol\u00edticas de Educa\u00e7\u00e3o Profissional e Tecnol\u00f3gica. Ap\u00f3s as discuss\u00f5es, a se\u00e7\u00e3o aprovou a participa\u00e7\u00e3o no movimento nacional em defesa do Ensino M\u00e9dio Integrado (EMI) e da EJA-EPT (Educa\u00e7\u00e3o de Jovens e<\/p>\n","protected":false},"author":7,"featured_media":7849,"comment_status":"open","ping_status":"open","sticky":false,"template":"","format":"standard","meta":{"footnotes":""},"categories":[45],"tags":[],"class_list":{"0":"post-7848","1":"post","2":"type-post","3":"status-publish","4":"format-standard","5":"has-post-thumbnail","7":"category-sindicato"},"_links":{"self":[{"href":"https:\/\/sinasefesm.com\/index.php\/wp-json\/wp\/v2\/posts\/7848","targetHints":{"allow":["GET"]}}],"collection":[{"href":"https:\/\/sinasefesm.com\/index.php\/wp-json\/wp\/v2\/posts"}],"about":[{"href":"https:\/\/sinasefesm.com\/index.php\/wp-json\/wp\/v2\/types\/post"}],"author":[{"embeddable":true,"href":"https:\/\/sinasefesm.com\/index.php\/wp-json\/wp\/v2\/users\/7"}],"replies":[{"embeddable":true,"href":"https:\/\/sinasefesm.com\/index.php\/wp-json\/wp\/v2\/comments?post=7848"}],"version-history":[{"count":1,"href":"https:\/\/sinasefesm.com\/index.php\/wp-json\/wp\/v2\/posts\/7848\/revisions"}],"predecessor-version":[{"id":7850,"href":"https:\/\/sinasefesm.com\/index.php\/wp-json\/wp\/v2\/posts\/7848\/revisions\/7850"}],"wp:featuredmedia":[{"embeddable":true,"href":"https:\/\/sinasefesm.com\/index.php\/wp-json\/wp\/v2\/media\/7849"}],"wp:attachment":[{"href":"https:\/\/sinasefesm.com\/index.php\/wp-json\/wp\/v2\/media?parent=7848"}],"wp:term":[{"taxonomy":"category","embeddable":true,"href":"https:\/\/sinasefesm.com\/index.php\/wp-json\/wp\/v2\/categories?post=7848"},{"taxonomy":"post_tag","embeddable":true,"href":"https:\/\/sinasefesm.com\/index.php\/wp-json\/wp\/v2\/tags?post=7848"}],"curies":[{"name":"wp","href":"https:\/\/api.w.org\/{rel}","templated":true}]}}