{"id":7851,"date":"2025-12-10T18:34:07","date_gmt":"2025-12-10T21:34:07","guid":{"rendered":"https:\/\/sinasefesm.com\/?p=7851"},"modified":"2025-12-10T18:34:07","modified_gmt":"2025-12-10T21:34:07","slug":"sinasefe-cobra-projeto-substitutivo-para-pendencias-do-acordo-de-greve","status":"publish","type":"post","link":"https:\/\/sinasefesm.com\/index.php\/2025\/12\/10\/sinasefe-cobra-projeto-substitutivo-para-pendencias-do-acordo-de-greve\/","title":{"rendered":"Sinasefe cobra projeto substitutivo para pend\u00eancias do acordo de greve"},"content":{"rendered":"\n<p>O Sinasefe se reuniu na \u00faltima segunda-feira (08\/12) com integrantes da Fasubra e da Secretaria-Geral da Presid\u00eancia da Rep\u00fablica, em Bras\u00edlia-DF.<\/p>\n\n\n\n<p>A agenda com o Governo Federal buscou o cumprimento dos\u00a0<a href=\"https:\/\/sinasefe.org.br\/site\/sinasefe-assina-acordos-e-categoria-retoma-atividades-ate-03-07\" target=\"_blank\" rel=\"noreferrer noopener\">Termos de Acordo<\/a>\u00a0<a href=\"https:\/\/sinasefe.org.br\/site\/download\/termo-de-acordo-no-10-greve-2024-reestruturacao-do-pccmf-ebtt\" target=\"_blank\" rel=\"noreferrer noopener\">n\u00ba 10\/2024<\/a>\u00a0(para docentes) e\u00a0<a href=\"https:\/\/sinasefe.org.br\/site\/download\/termo-de-acordo-no-11-greve-2024-reestruturacao-do-pcctae\" target=\"_blank\" rel=\"noreferrer noopener\">n\u00ba 11\/2024<\/a>\u00a0(para t\u00e9cnico-administrativos),\u00a0<a href=\"https:\/\/sinasefe.org.br\/site\/sinasefe-assina-acordos-e-categoria-retoma-atividades-ate-03-07\" target=\"_blank\" rel=\"noreferrer noopener\">assinados<\/a>\u00a0na suspens\u00e3o da\u00a0<a href=\"https:\/\/sinasefe.org.br\/site\/greve-2024\" target=\"_blank\" rel=\"noreferrer noopener\">greve do ano passado<\/a>.<\/p>\n\n\n\n<p>Houve a solicita\u00e7\u00e3o de um substitutivo para o\u00a0<a href=\"https:\/\/www.camara.leg.br\/proposicoesWeb\/fichadetramitacao?idProposicao=2592447\" target=\"_blank\" rel=\"noreferrer noopener\">PL 6170\/2025<\/a>, que trata do Reconhecimento de Saberes e Compet\u00eancias para T\u00e9cnico-Administrativos em Educa\u00e7\u00e3o (RSC-TAE); e tamb\u00e9m uma cobran\u00e7a pela republica\u00e7\u00e3o do\u00a0<a href=\"https:\/\/www.planalto.gov.br\/ccivil_03\/decreto\/D1590.htm\" target=\"_blank\" rel=\"noreferrer noopener\">Decreto 1590\/1995<\/a>; que trata do\u00a0<a href=\"https:\/\/sinasefe.org.br\/site\/controle-de-frequencia-para-ebtt-sindicato-cobra-alteracao-do-decreto-no-1590-1995-a-casa-civil\" target=\"_blank\" rel=\"noreferrer noopener\">controle de frequ\u00eancia para docentes<\/a>\u00a0da carreira do EBTT. <\/p>\n\n\n\n<p><em>Fonte e imagem: Sinasefe Nacional<\/em><\/p>\n\n\n\n<p><\/p>\n","protected":false},"excerpt":{"rendered":"<p>O Sinasefe se reuniu na \u00faltima segunda-feira (08\/12) com integrantes da Fasubra e da Secretaria-Geral da Presid\u00eancia da Rep\u00fablica, em Bras\u00edlia-DF. A agenda com o Governo Federal buscou o cumprimento dos\u00a0Termos de Acordo\u00a0n\u00ba 10\/2024\u00a0(para docentes) e\u00a0n\u00ba 11\/2024\u00a0(para t\u00e9cnico-administrativos),\u00a0assinados\u00a0na suspens\u00e3o da\u00a0greve do ano passado. Houve a solicita\u00e7\u00e3o de um substitutivo para o\u00a0PL 6170\/2025, que trata do<\/p>\n","protected":false},"author":7,"featured_media":7852,"comment_status":"open","ping_status":"open","sticky":false,"template":"","format":"standard","meta":{"footnotes":""},"categories":[45],"tags":[],"class_list":{"0":"post-7851","1":"post","2":"type-post","3":"status-publish","4":"format-standard","5":"has-post-thumbnail","7":"category-sindicato"},"_links":{"self":[{"href":"https:\/\/sinasefesm.com\/index.php\/wp-json\/wp\/v2\/posts\/7851","targetHints":{"allow":["GET"]}}],"collection":[{"href":"https:\/\/sinasefesm.com\/index.php\/wp-json\/wp\/v2\/posts"}],"about":[{"href":"https:\/\/sinasefesm.com\/index.php\/wp-json\/wp\/v2\/types\/post"}],"author":[{"embeddable":true,"href":"https:\/\/sinasefesm.com\/index.php\/wp-json\/wp\/v2\/users\/7"}],"replies":[{"embeddable":true,"href":"https:\/\/sinasefesm.com\/index.php\/wp-json\/wp\/v2\/comments?post=7851"}],"version-history":[{"count":1,"href":"https:\/\/sinasefesm.com\/index.php\/wp-json\/wp\/v2\/posts\/7851\/revisions"}],"predecessor-version":[{"id":7853,"href":"https:\/\/sinasefesm.com\/index.php\/wp-json\/wp\/v2\/posts\/7851\/revisions\/7853"}],"wp:featuredmedia":[{"embeddable":true,"href":"https:\/\/sinasefesm.com\/index.php\/wp-json\/wp\/v2\/media\/7852"}],"wp:attachment":[{"href":"https:\/\/sinasefesm.com\/index.php\/wp-json\/wp\/v2\/media?parent=7851"}],"wp:term":[{"taxonomy":"category","embeddable":true,"href":"https:\/\/sinasefesm.com\/index.php\/wp-json\/wp\/v2\/categories?post=7851"},{"taxonomy":"post_tag","embeddable":true,"href":"https:\/\/sinasefesm.com\/index.php\/wp-json\/wp\/v2\/tags?post=7851"}],"curies":[{"name":"wp","href":"https:\/\/api.w.org\/{rel}","templated":true}]}}