{"id":7854,"date":"2025-12-10T19:34:27","date_gmt":"2025-12-10T22:34:27","guid":{"rendered":"https:\/\/sinasefesm.com\/?p=7854"},"modified":"2025-12-10T19:36:15","modified_gmt":"2025-12-10T22:36:15","slug":"diretoria-do-sinasefe-sm-convida-para-ato-contra-feminicidios-neste-sabado-13-de-dezembro","status":"publish","type":"post","link":"https:\/\/sinasefesm.com\/index.php\/2025\/12\/10\/diretoria-do-sinasefe-sm-convida-para-ato-contra-feminicidios-neste-sabado-13-de-dezembro\/","title":{"rendered":"Diretoria do Sinasefe SM convida para ato contra feminic\u00eddios neste s\u00e1bado, 13 de dezembro"},"content":{"rendered":"\n<p>A diretoria do Sinasefe Santa Maria convida filiados\/as e n\u00e3o filiados\/as da base para o <em>ato p\u00fablico<\/em> contra os feminic\u00eddios que ocorre no s\u00e1bado, 13 de dezembro, a partir das 9h, na pra\u00e7a Saldanha Marinho, em Santa Maria.<\/p>\n\n\n\n<p>A manifesta\u00e7\u00e3o, que integra a mobiliza\u00e7\u00e3o nacional \u201cMulheres Vivas\u201d, est\u00e1 sendo organizado por diversas entidades, entre sindicatos, coletivos, movimentos sociais e partidos pol\u00edticos. Al\u00e9m do ato na pra\u00e7a, logo ap\u00f3s, a partir das 10h30, ir\u00e1 ocorrer uma caminhada pelas ruas centrais da cidade.<\/p>\n\n\n\n<p><strong>Os dados estarrecedores da viol\u00eancia<\/strong><\/p>\n\n\n\n<p>Segundo dados do Mapa Nacional da Viol\u00eancia de g\u00eanero, cerca de 3,7 milh\u00f5es de mulheres brasileiras viveram um ou mais epis\u00f3dios de viol\u00eancia dom\u00e9stica nos \u00faltimos 12 meses. Esses n\u00fameros foram organizados de forma conjunta pelo Observat\u00f3rio da Mulher contra a Viol\u00eancia (OMV) do Senado Federal, pelo Instituto Natura e tamb\u00e9m pela organiza\u00e7\u00e3o G\u00eanero e N\u00famero.<\/p>\n\n\n\n<p>O estudo ainda aponta que cerca de 71% das mulheres foram agredidas na presen\u00e7a de outras pessoas e, em 70% destes casos, havia crian\u00e7as no ambiente, correspondendo a 1,94 milh\u00e3o de agress\u00f5es testemunhadas por menores.<\/p>\n\n\n\n<p>Conforme a coordenadora-geral do Sinasefe SM, Claudia do Amaral, os dados de viol\u00eancia contra as mulheres t\u00eam crescido, mesmo com todas as campanhas realizadas, o que indica que \u00e9 preciso aumentar a mobiliza\u00e7\u00e3o. \u201c\u00c9 fundamental que n\u00e3o apenas as mulheres, mas a sociedade como um todo se una para que se possa barrar esse tipo de viol\u00eancia\u201d, frisa ela.<\/p>\n\n\n\n<figure class=\"wp-block-image size-large is-resized\"><img fetchpriority=\"high\" decoding=\"async\" width=\"721\" height=\"1024\" src=\"https:\/\/sinasefesm.com\/wp-content\/uploads\/2025\/12\/ato-mulheres-3-721x1024.jpeg\" alt=\"\" class=\"wp-image-7856\" style=\"width:589px;height:auto\" srcset=\"https:\/\/sinasefesm.com\/wp-content\/uploads\/2025\/12\/ato-mulheres-3-721x1024.jpeg 721w, https:\/\/sinasefesm.com\/wp-content\/uploads\/2025\/12\/ato-mulheres-3-211x300.jpeg 211w, https:\/\/sinasefesm.com\/wp-content\/uploads\/2025\/12\/ato-mulheres-3-768x1090.jpeg 768w, https:\/\/sinasefesm.com\/wp-content\/uploads\/2025\/12\/ato-mulheres-3-1082x1536.jpeg 1082w, https:\/\/sinasefesm.com\/wp-content\/uploads\/2025\/12\/ato-mulheres-3-150x213.jpeg 150w, https:\/\/sinasefesm.com\/wp-content\/uploads\/2025\/12\/ato-mulheres-3-450x639.jpeg 450w, https:\/\/sinasefesm.com\/wp-content\/uploads\/2025\/12\/ato-mulheres-3.jpeg 1127w\" sizes=\"(max-width: 721px) 100vw, 721px\" \/><\/figure>\n\n\n\n<p><br><\/p>\n\n\n\n<p><em>Texto: Fritz Rivail<br>Arte: Divulga\u00e7\u00e3o<\/em><\/p>\n\n\n\n<p><\/p>\n","protected":false},"excerpt":{"rendered":"<p>A diretoria do Sinasefe Santa Maria convida filiados\/as e n\u00e3o filiados\/as da base para o ato p\u00fablico contra os feminic\u00eddios que ocorre no s\u00e1bado, 13 de dezembro, a partir das 9h, na pra\u00e7a Saldanha Marinho, em Santa Maria. A manifesta\u00e7\u00e3o, que integra a mobiliza\u00e7\u00e3o nacional \u201cMulheres Vivas\u201d, est\u00e1 sendo organizado por diversas entidades, entre sindicatos,<\/p>\n","protected":false},"author":7,"featured_media":7855,"comment_status":"open","ping_status":"open","sticky":false,"template":"","format":"standard","meta":{"footnotes":""},"categories":[37],"tags":[],"class_list":{"0":"post-7854","1":"post","2":"type-post","3":"status-publish","4":"format-standard","5":"has-post-thumbnail","7":"category-destaque"},"_links":{"self":[{"href":"https:\/\/sinasefesm.com\/index.php\/wp-json\/wp\/v2\/posts\/7854","targetHints":{"allow":["GET"]}}],"collection":[{"href":"https:\/\/sinasefesm.com\/index.php\/wp-json\/wp\/v2\/posts"}],"about":[{"href":"https:\/\/sinasefesm.com\/index.php\/wp-json\/wp\/v2\/types\/post"}],"author":[{"embeddable":true,"href":"https:\/\/sinasefesm.com\/index.php\/wp-json\/wp\/v2\/users\/7"}],"replies":[{"embeddable":true,"href":"https:\/\/sinasefesm.com\/index.php\/wp-json\/wp\/v2\/comments?post=7854"}],"version-history":[{"count":1,"href":"https:\/\/sinasefesm.com\/index.php\/wp-json\/wp\/v2\/posts\/7854\/revisions"}],"predecessor-version":[{"id":7857,"href":"https:\/\/sinasefesm.com\/index.php\/wp-json\/wp\/v2\/posts\/7854\/revisions\/7857"}],"wp:featuredmedia":[{"embeddable":true,"href":"https:\/\/sinasefesm.com\/index.php\/wp-json\/wp\/v2\/media\/7855"}],"wp:attachment":[{"href":"https:\/\/sinasefesm.com\/index.php\/wp-json\/wp\/v2\/media?parent=7854"}],"wp:term":[{"taxonomy":"category","embeddable":true,"href":"https:\/\/sinasefesm.com\/index.php\/wp-json\/wp\/v2\/categories?post=7854"},{"taxonomy":"post_tag","embeddable":true,"href":"https:\/\/sinasefesm.com\/index.php\/wp-json\/wp\/v2\/tags?post=7854"}],"curies":[{"name":"wp","href":"https:\/\/api.w.org\/{rel}","templated":true}]}}