{"id":7859,"date":"2025-12-11T19:06:39","date_gmt":"2025-12-11T22:06:39","guid":{"rendered":"https:\/\/sinasefesm.com\/?p=7859"},"modified":"2025-12-11T19:14:30","modified_gmt":"2025-12-11T22:14:30","slug":"37o-consinasefe-integrantes-da-diretoria-do-sinasefe-sm-participam-do-evento","status":"publish","type":"post","link":"https:\/\/sinasefesm.com\/index.php\/2025\/12\/11\/37o-consinasefe-integrantes-da-diretoria-do-sinasefe-sm-participam-do-evento\/","title":{"rendered":"37\u00ba Consinasefe: integrantes da diretoria do Sinasefe SM participam do evento"},"content":{"rendered":"\n<p>O Sinasefe nacional realiza desde esta quinta, 11 de dezembro, at\u00e9 domingo, 14 de dezembro, o 37\u00ba Congresso do Sinasefe (Consinasefe). O evento acontece no Rio de Janeiro-RJ e as discuss\u00f5es ocorrer\u00e3o no Col\u00e9gio Pedro II, campus S\u00e3o Crist\u00f3v\u00e3o. O tema&nbsp;que servir\u00e1 como base para os debates \u00e9 \u201c<em>Educa\u00e7\u00e3o p\u00fablica para um Brasil soberano! Derrotar nas ruas a extrema direita e a agenda neoliberal<\/em>\u201d.<\/p>\n\n\n\n<p>Integrantes da diretoria do Sinasefe Santa Maria participar\u00e3o no 37\u00ba Consinasefe. Foram eleitos para o evento: Cassiana Marques da Silva e Jane Aparecida Flor\u00eancio (delegadas), Ad\u00e3o Ant\u00f4nio Pilar Damasceno (delegado) e Jos\u00e9 Ab\u00edlio Freitas (observador).<\/p>\n\n\n\n<p>A secret\u00e1ria de Carreira e Rela\u00e7\u00f5es de Trabalho do Sinasefe SM, Cassiana Marques da Silva, apresentar\u00e1 uma tese durante o Congresso. O t\u00edtulo do trabalho inscrito \u00e9: \u201c<em>O desenvolvimento de lideran\u00e7as negras para ocupar posi\u00e7\u00f5es estrat\u00e9gicas nas IFES, escolas vinculadas e no Movimento Sindical<\/em>\u201d. \u00a0<\/p>\n\n\n\n<figure class=\"wp-block-image size-large is-resized\"><img fetchpriority=\"high\" decoding=\"async\" width=\"576\" height=\"1024\" src=\"https:\/\/sinasefesm.com\/wp-content\/uploads\/2025\/12\/delegacao-37-consinasefe-576x1024.jpeg\" alt=\"\" class=\"wp-image-7863\" style=\"width:406px;height:auto\" srcset=\"https:\/\/sinasefesm.com\/wp-content\/uploads\/2025\/12\/delegacao-37-consinasefe-576x1024.jpeg 576w, https:\/\/sinasefesm.com\/wp-content\/uploads\/2025\/12\/delegacao-37-consinasefe-169x300.jpeg 169w, https:\/\/sinasefesm.com\/wp-content\/uploads\/2025\/12\/delegacao-37-consinasefe-768x1366.jpeg 768w, https:\/\/sinasefesm.com\/wp-content\/uploads\/2025\/12\/delegacao-37-consinasefe-864x1536.jpeg 864w, https:\/\/sinasefesm.com\/wp-content\/uploads\/2025\/12\/delegacao-37-consinasefe-150x267.jpeg 150w, https:\/\/sinasefesm.com\/wp-content\/uploads\/2025\/12\/delegacao-37-consinasefe-450x800.jpeg 450w, https:\/\/sinasefesm.com\/wp-content\/uploads\/2025\/12\/delegacao-37-consinasefe.jpeg 899w\" sizes=\"(max-width: 576px) 100vw, 576px\" \/><\/figure>\n\n\n\n<p>Mais informa\u00e7\u00f5es no hotsite do evento:<strong>&nbsp;<a href=\"https:\/\/sinasefe.org.br\/consinasefe\" target=\"_blank\" rel=\"noreferrer noopener\">www.sinasefe.org.br\/consinasefe<\/a>.<\/strong><\/p>\n\n\n\n<p><em>Arte: Sinasefe Nacional<\/em><\/p>\n","protected":false},"excerpt":{"rendered":"<p>O Sinasefe nacional realiza desde esta quinta, 11 de dezembro, at\u00e9 domingo, 14 de dezembro, o 37\u00ba Congresso do Sinasefe (Consinasefe). O evento acontece no Rio de Janeiro-RJ e as discuss\u00f5es ocorrer\u00e3o no Col\u00e9gio Pedro II, campus S\u00e3o Crist\u00f3v\u00e3o. O tema&nbsp;que servir\u00e1 como base para os debates \u00e9 \u201cEduca\u00e7\u00e3o p\u00fablica para um Brasil soberano! Derrotar<\/p>\n","protected":false},"author":7,"featured_media":7860,"comment_status":"open","ping_status":"open","sticky":false,"template":"","format":"standard","meta":{"footnotes":""},"categories":[45],"tags":[],"class_list":{"0":"post-7859","1":"post","2":"type-post","3":"status-publish","4":"format-standard","5":"has-post-thumbnail","7":"category-sindicato"},"_links":{"self":[{"href":"https:\/\/sinasefesm.com\/index.php\/wp-json\/wp\/v2\/posts\/7859","targetHints":{"allow":["GET"]}}],"collection":[{"href":"https:\/\/sinasefesm.com\/index.php\/wp-json\/wp\/v2\/posts"}],"about":[{"href":"https:\/\/sinasefesm.com\/index.php\/wp-json\/wp\/v2\/types\/post"}],"author":[{"embeddable":true,"href":"https:\/\/sinasefesm.com\/index.php\/wp-json\/wp\/v2\/users\/7"}],"replies":[{"embeddable":true,"href":"https:\/\/sinasefesm.com\/index.php\/wp-json\/wp\/v2\/comments?post=7859"}],"version-history":[{"count":2,"href":"https:\/\/sinasefesm.com\/index.php\/wp-json\/wp\/v2\/posts\/7859\/revisions"}],"predecessor-version":[{"id":7864,"href":"https:\/\/sinasefesm.com\/index.php\/wp-json\/wp\/v2\/posts\/7859\/revisions\/7864"}],"wp:featuredmedia":[{"embeddable":true,"href":"https:\/\/sinasefesm.com\/index.php\/wp-json\/wp\/v2\/media\/7860"}],"wp:attachment":[{"href":"https:\/\/sinasefesm.com\/index.php\/wp-json\/wp\/v2\/media?parent=7859"}],"wp:term":[{"taxonomy":"category","embeddable":true,"href":"https:\/\/sinasefesm.com\/index.php\/wp-json\/wp\/v2\/categories?post=7859"},{"taxonomy":"post_tag","embeddable":true,"href":"https:\/\/sinasefesm.com\/index.php\/wp-json\/wp\/v2\/tags?post=7859"}],"curies":[{"name":"wp","href":"https:\/\/api.w.org\/{rel}","templated":true}]}}