{"id":7865,"date":"2025-12-14T15:56:38","date_gmt":"2025-12-14T18:56:38","guid":{"rendered":"https:\/\/sinasefesm.com\/?p=7865"},"modified":"2025-12-14T15:56:38","modified_gmt":"2025-12-14T18:56:38","slug":"mulheres-vao-as-ruas-contra-o-feminicidio-em-santa-maria","status":"publish","type":"post","link":"https:\/\/sinasefesm.com\/index.php\/2025\/12\/14\/mulheres-vao-as-ruas-contra-o-feminicidio-em-santa-maria\/","title":{"rendered":"Mulheres v\u00e3o \u00e0s ruas contra o feminic\u00eddio em Santa Maria"},"content":{"rendered":"\n<p>A manh\u00e3 deste s\u00e1bado, 13 de dezembro, foi quente n\u00e3o apenas devido ao clima, mas tamb\u00e9m em virtude da intensa mobiliza\u00e7\u00e3o de coletivos, sindicatos e partidos pol\u00edticos no ato que ocorreu na pra\u00e7a Saldanha Marinho. Durante a atividade foram denunciados os feminic\u00eddios como uma resultante n\u00e3o apenas da cultura machista e patriarcal, mas tamb\u00e9m pelas fragilidades da estrutura do Estado, que deveria ter medidas mais eficazes para evitar agress\u00f5es e assassinatos.<\/p>\n\n\n\n<p>O movimento nacional \u201cMulheres vivas\u201d exp\u00f4s atrav\u00e9s de cartazes, de in\u00fameros elementos visuais, e tamb\u00e9m pelos discursos efetuados durante a manifesta\u00e7\u00e3o, que \u00e9 preciso dar um basta \u00e0 viol\u00eancia de g\u00eanero. \u201cNem uma mulher a menos\u201d, entoaram as dezenas de vozes na pra\u00e7a. Quem estava l\u00e1 presente e ativa no ato foi a professora Cl\u00e1udia do Amaral, da coordena\u00e7\u00e3o-geral do Sinasefe SM.<\/p>\n\n\n\n<p>Para a sindicalista e docente do Col\u00e9gio Polit\u00e9cnico da UFSM, o ato foi uma atividade de den\u00fancia, mas tamb\u00e9m de busca de conscientiza\u00e7\u00e3o e apoio da sociedade, buscando o acolhimento dessas mulheres, na constru\u00e7\u00e3o de uma resili\u00eancia, de redes de apoio, e tamb\u00e9m de informa\u00e7\u00e3o, para que se avance para al\u00e9m da den\u00fancia, e as mulheres saibam onde buscar apoio e sair da situa\u00e7\u00e3o de v\u00edtimas de agress\u00e3o.<\/p>\n\n\n\n<figure class=\"wp-block-image size-large is-resized\"><img fetchpriority=\"high\" decoding=\"async\" width=\"1024\" height=\"461\" src=\"https:\/\/sinasefesm.com\/wp-content\/uploads\/2025\/12\/0-1024x461.jpeg\" alt=\"\" class=\"wp-image-7867\" style=\"width:566px;height:auto\" srcset=\"https:\/\/sinasefesm.com\/wp-content\/uploads\/2025\/12\/0-1024x461.jpeg 1024w, https:\/\/sinasefesm.com\/wp-content\/uploads\/2025\/12\/0-300x135.jpeg 300w, https:\/\/sinasefesm.com\/wp-content\/uploads\/2025\/12\/0-768x346.jpeg 768w, https:\/\/sinasefesm.com\/wp-content\/uploads\/2025\/12\/0-1536x692.jpeg 1536w, https:\/\/sinasefesm.com\/wp-content\/uploads\/2025\/12\/0-150x68.jpeg 150w, https:\/\/sinasefesm.com\/wp-content\/uploads\/2025\/12\/0-450x203.jpeg 450w, https:\/\/sinasefesm.com\/wp-content\/uploads\/2025\/12\/0-1200x541.jpeg 1200w, https:\/\/sinasefesm.com\/wp-content\/uploads\/2025\/12\/0.jpeg 1600w\" sizes=\"(max-width: 1024px) 100vw, 1024px\" \/><\/figure>\n\n\n\n<p><strong>Papel sindical<\/strong><\/p>\n\n\n\n<p>A dirigente do Sinasefe SM ressalta ainda que o movimento sindical tem um papel importante nesse contexto de viol\u00eancia contra as mulheres. Segundo Cl\u00e1udia, \u00e9 preciso fazer a den\u00fancia e mostrar que a caracter\u00edstica dessa viol\u00eancia \u00e9 de classe, que tem cor. \u201cE n\u00f3s, enquanto sindicalistas, precisamos lutar por pol\u00edticas p\u00fablicas de acolhimento das mulheres, pol\u00edticas de forma geral, como por exemplo, o fim da escala 6 por 1, que parece que n\u00e3o tem rela\u00e7\u00e3o, mas est\u00e1 diretamente relacionada com isso, o que permitiria que as mulheres pudessem estar em casa com seus filhos.\u201d<\/p>\n\n\n\n<p>Para a coordenadora do Sinasefe SM, yoda essa mobiliza\u00e7\u00e3o que tem ocorrido em car\u00e1ter nacional tem a inten\u00e7\u00e3o tamb\u00e9m de esclarecimento para as mulheres, para todas as mulheres, sejam elas heteros, l\u00e9sbicas, trans, e, segundo Cl\u00e1udia, com \u00eanfase nas que se encontram em pior situa\u00e7\u00e3o, que s\u00e3o as mulheres negras.<\/p>\n\n\n\n<p><strong>Pauta<\/strong><\/p>\n\n\n\n<p>A pauta constru\u00edda pela&nbsp;organiza\u00e7\u00e3o do evento e que foi publicizada atrav\u00e9s de panfletos era constitu\u00edda dos seguintes pontos:<\/p>\n\n\n\n<p>&#8211; Amplia\u00e7\u00e3o das delegacias da mulher 24h;<\/p>\n\n\n\n<p>&#8211; Defesa dos direitos reprodutivos;<\/p>\n\n\n\n<p>&#8211; Fim da escala 6 x 1;<\/p>\n\n\n\n<p>&#8211; Remunera\u00e7\u00e3o para o trabalho dom\u00e9stico;<\/p>\n\n\n\n<p>&#8211; Dados reais sobre viol\u00eancia dom\u00e9stica;<\/p>\n\n\n\n<p>&#8211; Acolhimento especializado para mulheres negras, ind\u00edgenas, trans e com defici\u00eancia.<\/p>\n\n\n\n<figure class=\"wp-block-image size-large is-resized\"><img decoding=\"async\" width=\"1024\" height=\"461\" src=\"https:\/\/sinasefesm.com\/wp-content\/uploads\/2025\/12\/4-1024x461.jpeg\" alt=\"\" class=\"wp-image-7868\" style=\"width:569px;height:auto\" srcset=\"https:\/\/sinasefesm.com\/wp-content\/uploads\/2025\/12\/4-1024x461.jpeg 1024w, https:\/\/sinasefesm.com\/wp-content\/uploads\/2025\/12\/4-300x135.jpeg 300w, https:\/\/sinasefesm.com\/wp-content\/uploads\/2025\/12\/4-768x346.jpeg 768w, https:\/\/sinasefesm.com\/wp-content\/uploads\/2025\/12\/4-1536x692.jpeg 1536w, https:\/\/sinasefesm.com\/wp-content\/uploads\/2025\/12\/4-150x68.jpeg 150w, https:\/\/sinasefesm.com\/wp-content\/uploads\/2025\/12\/4-450x203.jpeg 450w, https:\/\/sinasefesm.com\/wp-content\/uploads\/2025\/12\/4-1200x541.jpeg 1200w, https:\/\/sinasefesm.com\/wp-content\/uploads\/2025\/12\/4.jpeg 1600w\" sizes=\"(max-width: 1024px) 100vw, 1024px\" \/><\/figure>\n\n\n\n<p><strong>N\u00fameros da viol\u00eancia<\/strong><\/p>\n\n\n\n<p>&nbsp;O anu\u00e1rio brasileiro de seguran\u00e7a p\u00fablica e do minist\u00e9rio da Sa\u00fade apresentam dados que mostram uma verdadeira epidemia de viol\u00eancia contra as mulheres. Conforme esses \u00f3rg\u00e3os, a cada 10 minutos ocorre um feminic\u00eddio no pa\u00eds; a cada 4 minutos uma mulher \u00e9 agredida e sobrevive; a cada 6 minutos acontece um estupro; e a cada 30 segundos uma mulher sofre algum tipo de viol\u00eancia.<\/p>\n\n\n\n<p><em>Acompanhe abaixo algumas orienta\u00e7\u00f5es e canais de ajuda em uma ilustra\u00e7\u00e3o.<\/em><\/p>\n\n\n\n<figure class=\"wp-block-image size-large is-resized\"><img decoding=\"async\" width=\"721\" height=\"1024\" src=\"https:\/\/sinasefesm.com\/wp-content\/uploads\/2025\/12\/cartaz-721x1024.jpeg\" alt=\"\" class=\"wp-image-7869\" style=\"width:570px;height:auto\" srcset=\"https:\/\/sinasefesm.com\/wp-content\/uploads\/2025\/12\/cartaz-721x1024.jpeg 721w, https:\/\/sinasefesm.com\/wp-content\/uploads\/2025\/12\/cartaz-211x300.jpeg 211w, https:\/\/sinasefesm.com\/wp-content\/uploads\/2025\/12\/cartaz-768x1090.jpeg 768w, https:\/\/sinasefesm.com\/wp-content\/uploads\/2025\/12\/cartaz-1082x1536.jpeg 1082w, https:\/\/sinasefesm.com\/wp-content\/uploads\/2025\/12\/cartaz-150x213.jpeg 150w, https:\/\/sinasefesm.com\/wp-content\/uploads\/2025\/12\/cartaz-450x639.jpeg 450w, https:\/\/sinasefesm.com\/wp-content\/uploads\/2025\/12\/cartaz.jpeg 1127w\" sizes=\"(max-width: 721px) 100vw, 721px\" \/><\/figure>\n\n\n\n<p><br><em>Texto e fotos: Fritz Rivail<br><br><\/em><\/p>\n","protected":false},"excerpt":{"rendered":"<p>A manh\u00e3 deste s\u00e1bado, 13 de dezembro, foi quente n\u00e3o apenas devido ao clima, mas tamb\u00e9m em virtude da intensa mobiliza\u00e7\u00e3o de coletivos, sindicatos e partidos pol\u00edticos no ato que ocorreu na pra\u00e7a Saldanha Marinho. Durante a atividade foram denunciados os feminic\u00eddios como uma resultante n\u00e3o apenas da cultura machista e patriarcal, mas tamb\u00e9m pelas<\/p>\n","protected":false},"author":7,"featured_media":7866,"comment_status":"open","ping_status":"open","sticky":false,"template":"","format":"standard","meta":{"footnotes":""},"categories":[42],"tags":[],"class_list":{"0":"post-7865","1":"post","2":"type-post","3":"status-publish","4":"format-standard","5":"has-post-thumbnail","7":"category-noticia"},"_links":{"self":[{"href":"https:\/\/sinasefesm.com\/index.php\/wp-json\/wp\/v2\/posts\/7865","targetHints":{"allow":["GET"]}}],"collection":[{"href":"https:\/\/sinasefesm.com\/index.php\/wp-json\/wp\/v2\/posts"}],"about":[{"href":"https:\/\/sinasefesm.com\/index.php\/wp-json\/wp\/v2\/types\/post"}],"author":[{"embeddable":true,"href":"https:\/\/sinasefesm.com\/index.php\/wp-json\/wp\/v2\/users\/7"}],"replies":[{"embeddable":true,"href":"https:\/\/sinasefesm.com\/index.php\/wp-json\/wp\/v2\/comments?post=7865"}],"version-history":[{"count":1,"href":"https:\/\/sinasefesm.com\/index.php\/wp-json\/wp\/v2\/posts\/7865\/revisions"}],"predecessor-version":[{"id":7870,"href":"https:\/\/sinasefesm.com\/index.php\/wp-json\/wp\/v2\/posts\/7865\/revisions\/7870"}],"wp:featuredmedia":[{"embeddable":true,"href":"https:\/\/sinasefesm.com\/index.php\/wp-json\/wp\/v2\/media\/7866"}],"wp:attachment":[{"href":"https:\/\/sinasefesm.com\/index.php\/wp-json\/wp\/v2\/media?parent=7865"}],"wp:term":[{"taxonomy":"category","embeddable":true,"href":"https:\/\/sinasefesm.com\/index.php\/wp-json\/wp\/v2\/categories?post=7865"},{"taxonomy":"post_tag","embeddable":true,"href":"https:\/\/sinasefesm.com\/index.php\/wp-json\/wp\/v2\/tags?post=7865"}],"curies":[{"name":"wp","href":"https:\/\/api.w.org\/{rel}","templated":true}]}}