{"id":7875,"date":"2025-12-16T19:17:21","date_gmt":"2025-12-16T22:17:21","guid":{"rendered":"https:\/\/sinasefesm.com\/?p=7875"},"modified":"2025-12-16T19:21:06","modified_gmt":"2025-12-16T22:21:06","slug":"participantes-do-37o-consinasefe-aprovam-indicativo-de-greve-para-2026","status":"publish","type":"post","link":"https:\/\/sinasefesm.com\/index.php\/2025\/12\/16\/participantes-do-37o-consinasefe-aprovam-indicativo-de-greve-para-2026\/","title":{"rendered":"Participantes do 37\u00ba Consinasefe aprovam indicativo de greve para 2026"},"content":{"rendered":"\n<p>O 37\u00ba Consinasefe encerrou no domingo (14\/12), no Rio de Janeiro (RJ), tendo como destaques a apresenta\u00e7\u00e3o e delibera\u00e7\u00e3o sobre todas as teses propostas; e a aprova\u00e7\u00e3o do Plano de Lutas para o pr\u00f3ximo per\u00edodo que ser\u00e1 enfrentado pelo sindicato. O&nbsp;destaque principal \u00e9 o <em>indicativo de greve para 2026<\/em>, que tem uma reuni\u00e3o \u201cPlena\u201d marcada para 28 de fevereiro de 2026 para votar a deflagra\u00e7\u00e3o da greve, caso o Governo Lula n\u00e3o atenda integralmente os Acordos da&nbsp;<a href=\"https:\/\/sinasefe.org.br\/site\/greve-2024\" target=\"_blank\" rel=\"noreferrer noopener\">Greve de 2024<\/a>.<\/p>\n\n\n\n<p>Em delibera\u00e7\u00e3o inicial do f\u00f3rum, que ocorreu por aclama\u00e7\u00e3o do plen\u00e1rio em seu primeiro dia de atividades (11\/12), o 37\u00ba Consinasefe foi dedicado \u00e0 Allane de Souza Pedrotti Matos e \u00e0 Layse Costa Pinheiro,&nbsp;<a href=\"https:\/\/sinasefe.org.br\/site\/nota-da-direcao-nacional-do-sinasefe-allane-de-souza-pedrotti-matos-e-layse-costa-pinheiro-presentes\" target=\"_blank\" rel=\"noreferrer noopener\">servidoras do Cefet-RJ assassinadas por misoginia<\/a>.<\/p>\n\n\n\n<p>O Sinasefe Santa Maria teve uma delega\u00e7\u00e3o de quatro pessoas no evento: Cassiana Marques da Silva e Jane Aparecida Flor\u00eancio (delegadas), Ad\u00e3o Ant\u00f4nio Pilar Damasceno (delegado) e Jos\u00e9 Ab\u00edlio Freitas (observador). &nbsp;O tema&nbsp;central do evento foi: \u201c<em>Educa\u00e7\u00e3o p\u00fablica para um Brasil soberano! Derrotar nas ruas a extrema direita e a agenda neoliberal<\/em>\u201d.<\/p>\n\n\n\n<p>A secret\u00e1ria de Carreira e Rela\u00e7\u00f5es de Trabalho do Sinasefe SM, Cassiana Marques da Silva (<em>foto abaixo<\/em>), apresentou uma tese durante o Congresso, que foi aprovada integralmente. O t\u00edtulo do trabalho era: \u201c<em>O desenvolvimento de lideran\u00e7as negras para ocupar posi\u00e7\u00f5es estrat\u00e9gicas nas IFES, escolas vinculadas e no Movimento Sindical<\/em>\u201d.<\/p>\n\n\n\n<figure class=\"wp-block-image size-large is-resized\"><img fetchpriority=\"high\" decoding=\"async\" width=\"1024\" height=\"768\" src=\"https:\/\/sinasefesm.com\/wp-content\/uploads\/2025\/12\/Cassiana-1024x768.jpeg\" alt=\"\" class=\"wp-image-7877\" style=\"width:652px;height:auto\" srcset=\"https:\/\/sinasefesm.com\/wp-content\/uploads\/2025\/12\/Cassiana-1024x768.jpeg 1024w, https:\/\/sinasefesm.com\/wp-content\/uploads\/2025\/12\/Cassiana-300x225.jpeg 300w, https:\/\/sinasefesm.com\/wp-content\/uploads\/2025\/12\/Cassiana-768x576.jpeg 768w, https:\/\/sinasefesm.com\/wp-content\/uploads\/2025\/12\/Cassiana-1536x1152.jpeg 1536w, https:\/\/sinasefesm.com\/wp-content\/uploads\/2025\/12\/Cassiana-150x113.jpeg 150w, https:\/\/sinasefesm.com\/wp-content\/uploads\/2025\/12\/Cassiana-450x338.jpeg 450w, https:\/\/sinasefesm.com\/wp-content\/uploads\/2025\/12\/Cassiana-1200x900.jpeg 1200w, https:\/\/sinasefesm.com\/wp-content\/uploads\/2025\/12\/Cassiana.jpeg 1600w\" sizes=\"(max-width: 1024px) 100vw, 1024px\" \/><\/figure>\n\n\n\n<p><strong>Participa\u00e7\u00f5es<\/strong><\/p>\n\n\n\n<p>O 37\u00ba Consinasefe contou 54 se\u00e7\u00f5es sindicais representadas e 638 participantes, sendo:<\/p>\n\n\n\n<ul class=\"wp-block-list\">\n<li>389 delegados\/as<\/li>\n\n\n\n<li>182 observadores\/as<\/li>\n\n\n\n<li>17 convidados\/as<\/li>\n\n\n\n<li>50 crian\u00e7as no Sinasefinho.<\/li>\n<\/ul>\n\n\n\n<p><strong>Plano de Lutas<\/strong><\/p>\n\n\n\n<p>Todas as teses aprovadas nos quatro dias de Congresso que cont\u00e9m itens para o Plano de Lutas j\u00e1 est\u00e3o, automaticamente, no Plano de Lutas.<\/p>\n\n\n\n<p>Al\u00e9m disso, foi aprovado para compor o Plano de Lutas:<\/p>\n\n\n\n<ul class=\"wp-block-list\">\n<li><strong>Indicativo de Greve para 2026 aprovado por unanimidade<\/strong>, com pauta de cumprimento integral do que ainda n\u00e3o foi atendido dos&nbsp;<a href=\"https:\/\/sinasefe.org.br\/site\/sinasefe-assina-acordos-e-categoria-retoma-atividades-ate-03-07\" target=\"_blank\" rel=\"noreferrer noopener\">Termos de Acordo<\/a>&nbsp;<a href=\"https:\/\/sinasefe.org.br\/site\/download\/termo-de-acordo-no-10-greve-2024-reestruturacao-do-pccmf-ebtt\" target=\"_blank\" rel=\"noreferrer noopener\">n\u00ba 10\/2024<\/a>&nbsp;e&nbsp;<a href=\"https:\/\/sinasefe.org.br\/site\/download\/termo-de-acordo-no-11-greve-2024-reestruturacao-do-pcctae\" target=\"_blank\" rel=\"noreferrer noopener\">n\u00ba 11\/2024<\/a>,&nbsp;<a href=\"https:\/\/sinasefe.org.br\/site\/sinasefe-assina-acordos-e-categoria-retoma-atividades-ate-03-07\" target=\"_blank\" rel=\"noreferrer noopener\">assinados<\/a>&nbsp;na suspens\u00e3o da&nbsp;<a href=\"https:\/\/sinasefe.org.br\/site\/greve-2024\" target=\"_blank\" rel=\"noreferrer noopener\">greve do ano passado<\/a><\/li>\n\n\n\n<li>A substitui\u00e7\u00e3o do&nbsp;<a href=\"https:\/\/www.camara.leg.br\/proposicoesWeb\/fichadetramitacao?idProposicao=2592447\" target=\"_blank\" rel=\"noreferrer noopener\">PL 6170\/2025<\/a>&nbsp;pelo que foi constru\u00eddo na CNSC-MEC em rela\u00e7\u00e3o ao RSC-TAE; a publica\u00e7\u00e3o da nova Regulamenta\u00e7\u00e3o da Atividade Docente (RAD) pelo MEC; e a republica\u00e7\u00e3o do Decreto 1590\/1995 ser\u00e3o cobradas com \u00eanfase dentro da pauta do indicativo de greve<\/li>\n\n\n\n<li>Construir a Greve nas bases com rodadas de assembleias das se\u00e7\u00f5es sindicais<\/li>\n\n\n\n<li>Plen\u00e1ria Nacional do Sinasefe em 28.02.2026 para votar a deflagra\u00e7\u00e3o da greve<\/li>\n<\/ul>\n\n\n\n<ul class=\"wp-block-list\">\n<li>Indicativo de constru\u00e7\u00e3o de paralisa\u00e7\u00e3o do&nbsp;<a href=\"https:\/\/sisualuno.mec.gov.br\/\" target=\"_blank\" rel=\"noreferrer noopener\">Sistema de Sele\u00e7\u00e3o Unificada<\/a>&nbsp;(SiSU), junto com a Fasubra<\/li>\n\n\n\n<li>Mobiliza\u00e7\u00e3o Nacional no Dia do Aposentado, em 24.01.2026<\/li>\n\n\n\n<li>Constru\u00e7\u00e3o de calend\u00e1rio de atividades mensal para o Sinasefe.<\/li>\n\n\n\n<li>Lutar por mais investimentos no financiamento da Rede Federal de Educa\u00e7\u00e3o Profissional, Cient\u00edfica e Tecnol\u00f3gica<\/li>\n\n\n\n<li>Articula\u00e7\u00e3o conjunta de estudantes e servidores para lutas em defesa da Educa\u00e7\u00e3o<\/li>\n\n\n\n<li>Cria\u00e7\u00e3o de sistema radiodifusor, com produ\u00e7\u00e3o de&nbsp;<em>podcasts<\/em>, para uso em r\u00e1dios do nordeste brasileiro<\/li>\n\n\n\n<li>Atividades com as bases em dezembro de 2025 e janeiro de 2026<\/li>\n\n\n\n<li>Apoio pol\u00edtico e material ao dirigente Jos\u00e9 Ara\u00fajo, do Sintef-PB, que est\u00e1 sendo atacado pelo Presidente da C\u00e2mara dos Deputados, Hugo Motta (Republicanos-PB)<\/li>\n\n\n\n<li>Realiza\u00e7\u00e3o de ato em Campina Grande-PB contra o ministro da Educa\u00e7\u00e3o, Camilo Santana<\/li>\n\n\n\n<li>Fazer atos conjuntos com o Fonasefe contra o \u2018Congresso Inimigo do Povo\u2019<\/li>\n\n\n\n<li>Lutar contra a exig\u00eancia de reposi\u00e7\u00e3o de aulas pelos docentes que estiverem de licen\u00e7a m\u00e9dica<\/li>\n\n\n\n<li>Lutar para incorporar ao Minist\u00e9rio da Educa\u00e7\u00e3o (MEC) os docentes da Carreira EBTT que est\u00e3o vinculados ao Minist\u00e9rio da Defesa (MD)<\/li>\n\n\n\n<li>Constituir uma Comiss\u00e3o Representativa por regionalidade para avalia\u00e7\u00e3o do atual modelo de Rateio Solid\u00e1rio, a ser apresentada em Plen\u00e1ria Nacional. <\/li>\n<\/ul>\n\n\n\n<figure class=\"wp-block-image size-large is-resized\"><img decoding=\"async\" width=\"768\" height=\"1024\" src=\"https:\/\/sinasefesm.com\/wp-content\/uploads\/2025\/12\/delegacao-768x1024.jpeg\" alt=\"\" class=\"wp-image-7878\" style=\"width:500px;height:auto\" srcset=\"https:\/\/sinasefesm.com\/wp-content\/uploads\/2025\/12\/delegacao-768x1024.jpeg 768w, https:\/\/sinasefesm.com\/wp-content\/uploads\/2025\/12\/delegacao-225x300.jpeg 225w, https:\/\/sinasefesm.com\/wp-content\/uploads\/2025\/12\/delegacao-150x200.jpeg 150w, https:\/\/sinasefesm.com\/wp-content\/uploads\/2025\/12\/delegacao-450x600.jpeg 450w, https:\/\/sinasefesm.com\/wp-content\/uploads\/2025\/12\/delegacao.jpeg 864w\" sizes=\"(max-width: 768px) 100vw, 768px\" \/><\/figure>\n\n\n\n<p><strong>Mo\u00e7\u00f5es<\/strong><\/p>\n\n\n\n<p>Foram apresentadas e votadas duas mo\u00e7\u00f5es:<\/p>\n\n\n\n<ul class=\"wp-block-list\">\n<li>Mo\u00e7\u00e3o de Rep\u00fadio \u00e0 aprova\u00e7\u00e3o do PL 753\/2025 em Santa Catarina, que acaba com cotas raciais no Estado<\/li>\n\n\n\n<li>Mo\u00e7\u00e3o em apoio ao Sintifrj-RJ.<\/li>\n<\/ul>\n\n\n\n<p><strong>Carreira e combate \u00e0s opress\u00f5es<\/strong><\/p>\n\n\n\n<p>O pen\u00faltimo dia do 37\u00ba Consinasefe (13\/12) foi iniciado com uma atividade esportiva e dedicado ao debate de carreira e de combate \u00e0s opress\u00f5es. Diante do&nbsp;<a href=\"https:\/\/sinasefe.org.br\/site\/educacao-federal-governo-descumpre-acordos-da-greve-2024\/\" target=\"_blank\" rel=\"noreferrer noopener\">absurdo descumprimento dos acordos da greve de 2024<\/a>, a import\u00e2ncia de organizar e deflagrar uma greve nacional foi predominante nas interven\u00e7\u00f5es de palestrantes e participantes. Congressistas tamb\u00e9m aprovaram dezenas de teses apresentadas ao evento.<\/p>\n\n\n\n<p><strong>Mesa de Carreira<\/strong><\/p>\n\n\n\n<p>A atividade contou com seis palestrantes: Fernanda Ros\u00e1 (t\u00e9cnico-administrativa do IFSC), Nilo Campos (diretor da se\u00e7\u00e3o IF Sul-RS), Elenira Vilela (docente do IFSC), William Carvalho (integrante da CNS), Laurenir Peniche (docente do IFPA) e Leewertton Marreiro (integrante da CNS). Todos(as) palestrantes falaram do absurdo desrespeito do governo com a categoria (tanto TAEs quanto docentes) e da necessidade de uma greve para exigir o cumprimento verdadeiro dos acordos de greve.<\/p>\n\n\n\n<p>Fernanda falou brevemente e defendeu que, caso o governo n\u00e3o respeite o que foi constru\u00eddo na greve de 2024 e na CNSC, sobre o Reconhecimento de Saberes e Compet\u00eancias (RSCTAE), as(os) trabalhadoras(es) entrar\u00e3o em greve. Ela ressaltou que o PL 6170\/2025 n\u00e3o tem \u201cconserto\u201d e deve ser jogado no lixo j\u00e1 que \u00e9 t\u00e3o problem\u00e1tico e diferente dos acordos feitos que n\u00e3o pode ser apenas remendado: ele precisa ser integralmente rejeitado e refeito.<\/p>\n\n\n\n<p>Nilo Campos, aposentado com quase 40 anos de servi\u00e7o, trouxe uma an\u00e1lise que combinou a mem\u00f3ria de luta da categoria com a realidade da defasagem salarial e a necessidade de valorizar os(as) aposentados(as). Ele comentou a hist\u00f3rica batalha pol\u00edtica e judicial pela jornada de 30 horas como prova da resili\u00eancia da categoria. Nilo concluiu com uma cr\u00edtica \u00e0 postura do governo, em especial a figura de Feij\u00f3o, denunciando sua inflexibilidade e dureza nas negocia\u00e7\u00f5es.<\/p>\n\n\n\n<p>Elenira Vilela dedicou sua palestra a conectar aspectos de conjuntura com aspectos de carreira. Ela destacou que \u00fanica resposta poss\u00edvel ao descumprimento de acordos e ao avan\u00e7o do conservadorismo \u00e9 a mobiliza\u00e7\u00e3o massiva e a defesa intransigente dos direitos. Ressaltou que o mundo mudou, e \u00e9 imposs\u00edvel ignorar a crise clim\u00e1tica, o confronto global, a crise do capitalismo e o avan\u00e7o de ideologias de extrema-direita e fascistas no Brasil e os impactos de tudo isso no cotidiano das(os) trabalhadoras(es) e suas respectivas carreiras. Para ela, a luta pela carreira deve ir al\u00e9m do sal\u00e1rio para defender que a luta deve incluir a defesa de condi\u00e7\u00f5es m\u00ednimas de trabalho e seguran\u00e7a.<\/p>\n\n\n\n<p>A apresenta\u00e7\u00e3o de William Carvalho analisou as compatibilidades do novo PCCTAE com a carreira docente do EBTT, defendendo a unifica\u00e7\u00e3o das carreiras (carreira \u00fanica), uma pauta hist\u00f3rica do Sinasefe. Segundo ele, os princ\u00edpios b\u00e1sicos desta carreira s\u00e3o:&nbsp;<em>Step<\/em>&nbsp;constante e linear de 5%; o percentual de titula\u00e7\u00e3o deve incidir sobre o vencimento b\u00e1sico, com corre\u00e7\u00e3o da diferen\u00e7a percentual em rela\u00e7\u00e3o aos doutores do PCCTAE; o piso de 40 horas docente (com gradua\u00e7\u00e3o) deve ser equiparado ao piso do n\u00edvel de classifica\u00e7\u00e3o E do PCCTAE e o RSC deve ser vinculado aos percentuais de titula\u00e7\u00e3o de cada malha. Como resposta ao descumprimento de acordos e \u00e0 necessidade de garantir os princ\u00edpios da carreira, a proposta de William Carvalho para o 37\u00b0 Consinasefe foi de aprovar de um indicativo de greve por tempo indeterminado, com deflagra\u00e7\u00e3o em fevereiro de 2026.<\/p>\n\n\n\n<p>Laurenir Peniche listou aspectos relacionados aos direitos de docentes que foram desrespeitados, como a falta de publica\u00e7\u00e3o da RAD e a falta de publica\u00e7\u00e3o do Decreto 1590\/1995 alterado. Ela fez um chamado direto para transformar a indigna\u00e7\u00e3o em a\u00e7\u00e3o pol\u00edtica organizada, usando a greve como ferramenta m\u00e1xima para for\u00e7ar o governo a cumprir os acordos.<\/p>\n\n\n\n<p>Leewertton Marreiro concentrou sua an\u00e1lise no Reconhecimento de Saberes e Compet\u00eancias de TAEs, desfigurado no PL 1670\/2025. Ele resgatou todo hist\u00f3rico da constru\u00e7\u00e3o feita ao longo de nove meses na CNSCTAE, junto com o MEC. Para ele, o PL destr\u00f3i o acordo original e cria s\u00e9rias inseguran\u00e7as jur\u00eddicas, inclusive inviabilizando a concess\u00e3o real de algo que foi conquistado sob muitas lutas. Ele explicou que o governo ignorou o texto aprovado pela Comiss\u00e3o Nacional de Supervis\u00e3o (CNS\/MEC), criando armadilhas que tornam o RSCTAE inalcan\u00e7\u00e1vel e uma gratifica\u00e7\u00e3o meramente produtivista.<\/p>\n\n\n\n<figure class=\"wp-block-image size-large is-resized\"><img decoding=\"async\" width=\"1024\" height=\"683\" src=\"https:\/\/sinasefesm.com\/wp-content\/uploads\/2025\/12\/mesa-opressoes-2-1024x683.jpg\" alt=\"\" class=\"wp-image-7879\" style=\"width:501px;height:auto\" srcset=\"https:\/\/sinasefesm.com\/wp-content\/uploads\/2025\/12\/mesa-opressoes-2-1024x683.jpg 1024w, https:\/\/sinasefesm.com\/wp-content\/uploads\/2025\/12\/mesa-opressoes-2-300x200.jpg 300w, https:\/\/sinasefesm.com\/wp-content\/uploads\/2025\/12\/mesa-opressoes-2-768x512.jpg 768w, https:\/\/sinasefesm.com\/wp-content\/uploads\/2025\/12\/mesa-opressoes-2-1536x1024.jpg 1536w, https:\/\/sinasefesm.com\/wp-content\/uploads\/2025\/12\/mesa-opressoes-2-150x100.jpg 150w, https:\/\/sinasefesm.com\/wp-content\/uploads\/2025\/12\/mesa-opressoes-2-450x300.jpg 450w, https:\/\/sinasefesm.com\/wp-content\/uploads\/2025\/12\/mesa-opressoes-2-1200x800.jpg 1200w, https:\/\/sinasefesm.com\/wp-content\/uploads\/2025\/12\/mesa-opressoes-2.jpg 1800w\" sizes=\"(max-width: 1024px) 100vw, 1024px\" \/><\/figure>\n\n\n\n<p><strong>Combate \u00e0s Opress\u00f5es<\/strong><\/p>\n\n\n\n<p>A segunda mesa de debates do s\u00e1bado (13\/12) foi dedicada ao Combate \u00e0s Opress\u00f5es. A atividade contou com tr\u00eas palestrantes: Edson Kayap\u00f3 (docente do IFBA), Socorro Costa (docente da UFPI) e Evaldo Gon\u00e7alves (secret\u00e1rio de pol\u00edticas \u00e9tnico-raciais do SINASEFE).<\/p>\n\n\n\n<p><a href=\"https:\/\/sinasefe.org.br\/site\/todo-apoio-ao-professor-edson-kayapo\/\" target=\"_blank\" rel=\"noreferrer noopener\">Edson Kayap\u00f3<\/a>, que tamb\u00e9m faz parte da Rede Federal, apresentou uma an\u00e1lise hist\u00f3rica e cr\u00edtica das opress\u00f5es estruturais no Brasil, desde o projeto colonial at\u00e9 os desafios contempor\u00e2neos. Ele denunciou veementemente o desmontedos direitos estabelecidos na Constitui\u00e7\u00e3o de 1988, que se manifesta, por exemplo, no desmonte da Previd\u00eancia Social e dos direitos trabalhistas, do SUS e da sa\u00fade p\u00fablica e, particularmente, no desmonte da Educa\u00e7\u00e3o Federal, onde institui\u00e7\u00f5es s\u00e3o transformadas em \u201cf\u00e1bricas\u201d e h\u00e1 dificuldade na qualifica\u00e7\u00e3o de trabalhadores, com sal\u00e1rios defasados.<\/p>\n\n\n\n<p>Socorro Costa, uma mulher negra, ofereceu uma cr\u00edtica incisiva \u00e0s estruturas de poder que historicamente oprimem e controlam a vida, o trabalho e a subjetividade no Brasil. O seu discurso transitou entre a hist\u00f3ria da trag\u00e9dia colonial e a agenda contempor\u00e2nea de resist\u00eancia. Ela finalizou ressaltando que para combater a extrema-direita e a agenda neoliberal, \u00e9 necess\u00e1rio quebrar as formas estruturantes do poder do saber e dos erros.<\/p>\n\n\n\n<p>Evaldo Gon\u00e7alves fez um chamado urgente \u00e0 a\u00e7\u00e3o sindical radical e uma den\u00fancia direta do racismo e do machismo que persistem nas estruturas de poder, inclusive dentro dos pr\u00f3prios espa\u00e7os de luta. Ele estabeleceu uma linha direta entre a hist\u00f3ria do Brasil (desde 1.500) e as opress\u00f5es cotidianas. O dirigente criticou a composi\u00e7\u00e3o dos espa\u00e7os de poder (como a dire\u00e7\u00e3o nacional do sindicato), onde a inclus\u00e3o de certas pessoas \u00e9 vista como um lucro pol\u00edtico e n\u00e3o como um compromisso real com a luta antirracista.<\/p>\n\n\n\n<p><strong>Educa\u00e7\u00e3o e condi\u00e7\u00f5es de trabalho<\/strong><\/p>\n\n\n\n<p>As atividades de sexta-feira (12\/12), segundo dia do 37\u00ba Consinasefe, foram dedicadas \u00e0s tem\u00e1ticas de educa\u00e7\u00e3o, condi\u00e7\u00f5es de trabalho e sa\u00fade laboral. As e os participantes se envolveram em palestras, nas apresenta\u00e7\u00f5es e nas vota\u00e7\u00f5es de teses sobre ambas as tem\u00e1ticas. Para mais detalhes, clique <strong><a href=\"https:\/\/sinasefe.org.br\/consinasefe\/2025\/12\/12\/segundo-dia-do-37o-consinasefe-e-dedicado-a-educacao-as-condicoes-de-trabalho\/\">aqui<\/a><\/strong>.<\/p>\n\n\n\n<p><strong>Conjuntura e organiza\u00e7\u00e3o sindical<\/strong><\/p>\n\n\n\n<p>O 37\u00ba Consinasefe iniciou na manh\u00e3 de quinta-feira (11\/12), no Rio de Janeiro-RJ. O primeiro dia de evento foi dedicado \u00e0s tem\u00e1ticas de conjuntura e organiza\u00e7\u00e3o sindical, com mesa e apresenta\u00e7\u00e3o\/vota\u00e7\u00e3o de teses de conjuntura e de organiza\u00e7\u00e3o sindical. Para informa\u00e7\u00f5es mais detalhadas, clique <strong><a href=\"https:\/\/sinasefe.org.br\/consinasefe\/2025\/12\/11\/37o-consinasefe-comeca-com-debate-de-conjuntura-e-organizacao-sindical\/\">aqui<\/a><\/strong>.<\/p>\n\n\n\n<p><em>Texto: Fritz Rivail com informa\u00e7\u00f5es do Sinasefe Nacional<br>Fotos: Sinasefe e arquivo pessoal<\/em><br><\/p>\n\n\n\n<p><\/p>\n","protected":false},"excerpt":{"rendered":"<p>O 37\u00ba Consinasefe encerrou no domingo (14\/12), no Rio de Janeiro (RJ), tendo como destaques a apresenta\u00e7\u00e3o e delibera\u00e7\u00e3o sobre todas as teses propostas; e a aprova\u00e7\u00e3o do Plano de Lutas para o pr\u00f3ximo per\u00edodo que ser\u00e1 enfrentado pelo sindicato. O&nbsp;destaque principal \u00e9 o indicativo de greve para 2026, que tem uma reuni\u00e3o \u201cPlena\u201d marcada<\/p>\n","protected":false},"author":7,"featured_media":7876,"comment_status":"open","ping_status":"open","sticky":false,"template":"","format":"standard","meta":{"footnotes":""},"categories":[39],"tags":[],"class_list":{"0":"post-7875","1":"post","2":"type-post","3":"status-publish","4":"format-standard","5":"has-post-thumbnail","7":"category-eventos"},"_links":{"self":[{"href":"https:\/\/sinasefesm.com\/index.php\/wp-json\/wp\/v2\/posts\/7875","targetHints":{"allow":["GET"]}}],"collection":[{"href":"https:\/\/sinasefesm.com\/index.php\/wp-json\/wp\/v2\/posts"}],"about":[{"href":"https:\/\/sinasefesm.com\/index.php\/wp-json\/wp\/v2\/types\/post"}],"author":[{"embeddable":true,"href":"https:\/\/sinasefesm.com\/index.php\/wp-json\/wp\/v2\/users\/7"}],"replies":[{"embeddable":true,"href":"https:\/\/sinasefesm.com\/index.php\/wp-json\/wp\/v2\/comments?post=7875"}],"version-history":[{"count":2,"href":"https:\/\/sinasefesm.com\/index.php\/wp-json\/wp\/v2\/posts\/7875\/revisions"}],"predecessor-version":[{"id":7881,"href":"https:\/\/sinasefesm.com\/index.php\/wp-json\/wp\/v2\/posts\/7875\/revisions\/7881"}],"wp:featuredmedia":[{"embeddable":true,"href":"https:\/\/sinasefesm.com\/index.php\/wp-json\/wp\/v2\/media\/7876"}],"wp:attachment":[{"href":"https:\/\/sinasefesm.com\/index.php\/wp-json\/wp\/v2\/media?parent=7875"}],"wp:term":[{"taxonomy":"category","embeddable":true,"href":"https:\/\/sinasefesm.com\/index.php\/wp-json\/wp\/v2\/categories?post=7875"},{"taxonomy":"post_tag","embeddable":true,"href":"https:\/\/sinasefesm.com\/index.php\/wp-json\/wp\/v2\/tags?post=7875"}],"curies":[{"name":"wp","href":"https:\/\/api.w.org\/{rel}","templated":true}]}}