{"id":7882,"date":"2025-12-18T11:16:24","date_gmt":"2025-12-18T14:16:24","guid":{"rendered":"https:\/\/sinasefesm.com\/?p=7882"},"modified":"2025-12-18T11:16:25","modified_gmt":"2025-12-18T14:16:25","slug":"sindicato-pressiona-mgi-por-cumprimento-integral-do-acordo-de-greve","status":"publish","type":"post","link":"https:\/\/sinasefesm.com\/index.php\/2025\/12\/18\/sindicato-pressiona-mgi-por-cumprimento-integral-do-acordo-de-greve\/","title":{"rendered":"Sindicato pressiona MGI por cumprimento integral do Acordo de Greve"},"content":{"rendered":"\n<p>Nesta ter\u00e7a-feira (16\/12),\u00a0<a href=\"https:\/\/sinasefe.org.br\/site\/reuniao-com-o-mgi\" target=\"_blank\" rel=\"noreferrer noopener\">o Sinasefe se reuniu<\/a>\u00a0em Bras\u00edlia-DF com o Minist\u00e9rio da Gest\u00e3o e da Inova\u00e7\u00e3o em Servi\u00e7os P\u00fablicos (MGI) para cobrar o cumprimento integral dos\u00a0<a href=\"https:\/\/sinasefe.org.br\/site\/sinasefe-assina-acordos-e-categoria-retoma-atividades-ate-03-07\" target=\"_blank\" rel=\"noreferrer noopener\">Termos de Acordo<\/a>\u00a0<a href=\"https:\/\/sinasefe.org.br\/site\/download\/termo-de-acordo-no-10-greve-2024-reestruturacao-do-pccmf-ebtt\" target=\"_blank\" rel=\"noreferrer noopener\">n\u00ba 10\/2024<\/a>\u00a0e\u00a0<a href=\"https:\/\/sinasefe.org.br\/site\/download\/termo-de-acordo-no-11-greve-2024-reestruturacao-do-pcctae\" target=\"_blank\" rel=\"noreferrer noopener\">n\u00ba 11\/2024<\/a>,\u00a0<a href=\"https:\/\/sinasefe.org.br\/site\/sinasefe-assina-acordos-e-categoria-retoma-atividades-ate-03-07\" target=\"_blank\" rel=\"noreferrer noopener\">assinados<\/a>\u00a0na suspens\u00e3o da\u00a0<a href=\"https:\/\/sinasefe.org.br\/site\/greve-2024\" target=\"_blank\" rel=\"noreferrer noopener\">greve do ano passado<\/a>.<\/p>\n\n\n\n<p>O RSC-TAE, que foi descaracterizado pelo&nbsp;<a href=\"https:\/\/www.camara.leg.br\/proposicoesWeb\/fichadetramitacao?idProposicao=2592447\" target=\"_blank\" rel=\"noreferrer noopener\">PL 6170\/2025<\/a>, apresentado pelo Governo Lula&nbsp;<a href=\"https:\/\/sinasefe.org.br\/site\/educacao-federal-governo-descumpre-acordos-da-greve-2024\" target=\"_blank\" rel=\"noreferrer noopener\">em 03\/12 num claro descumprimento<\/a>&nbsp;do&nbsp;<a href=\"https:\/\/sinasefe.org.br\/site\/download\/termo-de-acordo-no-11-greve-2024-reestruturacao-do-pcctae\" target=\"_blank\" rel=\"noreferrer noopener\">Termo de Acordo n\u00ba 11\/2024<\/a>, foi o principal ponto de questionamento.<\/p>\n\n\n\n<p>O Governo foi cobrado pelo Sinasefe e n\u00e3o conseguiu demonstrar que o texto do PL 6170\/2025 atende o Acordo da Greve 2024. Com isso, uma nova reuni\u00e3o foi\u00a0<a href=\"https:\/\/sinasefe.org.br\/site\/comunicacao\/agenda\" target=\"_blank\" rel=\"noreferrer noopener\">agendada<\/a>\u00a0para 19\/01\/2026, na qual o MGI sinalizou que ir\u00e1 debater os seguintes pontos do RSC-TAE:<\/p>\n\n\n\n<ol class=\"wp-block-list\">\n<li>retroatividade de cinco anos para pontua\u00e7\u00e3o;<\/li>\n\n\n\n<li>percentual de 70% dos servidores ativos;<\/li>\n\n\n\n<li>data do requerimento;<\/li>\n\n\n\n<li>interst\u00edcios;<\/li>\n\n\n\n<li>direito para servidores em est\u00e1gio probat\u00f3rio;<\/li>\n\n\n\n<li>rol de saberes.<\/li>\n<\/ol>\n\n\n\n<p>O Sinasefe reafirmou, por v\u00e1rias vezes, a necessidade de atendimento de todos os itens assinados no Termo de Acordo n\u00ba 11\/2024. Nosso sindicato n\u00e3o vai abrir negocia\u00e7\u00e3o sobre esses termos e ir\u00e1 cobr\u00e1-los de forma intransigente: o que est\u00e1 assinado deve ser cumprido.<\/p>\n\n\n\n<p><em>Fonte e imagem: Sinasefe nacional<\/em><\/p>\n\n\n\n<p><\/p>\n","protected":false},"excerpt":{"rendered":"<p>Nesta ter\u00e7a-feira (16\/12),\u00a0o Sinasefe se reuniu\u00a0em Bras\u00edlia-DF com o Minist\u00e9rio da Gest\u00e3o e da Inova\u00e7\u00e3o em Servi\u00e7os P\u00fablicos (MGI) para cobrar o cumprimento integral dos\u00a0Termos de Acordo\u00a0n\u00ba 10\/2024\u00a0e\u00a0n\u00ba 11\/2024,\u00a0assinados\u00a0na suspens\u00e3o da\u00a0greve do ano passado. O RSC-TAE, que foi descaracterizado pelo&nbsp;PL 6170\/2025, apresentado pelo Governo Lula&nbsp;em 03\/12 num claro descumprimento&nbsp;do&nbsp;Termo de Acordo n\u00ba 11\/2024, foi o<\/p>\n","protected":false},"author":7,"featured_media":7883,"comment_status":"open","ping_status":"open","sticky":false,"template":"","format":"standard","meta":{"footnotes":""},"categories":[41],"tags":[],"class_list":{"0":"post-7882","1":"post","2":"type-post","3":"status-publish","4":"format-standard","5":"has-post-thumbnail","7":"category-movimento"},"_links":{"self":[{"href":"https:\/\/sinasefesm.com\/index.php\/wp-json\/wp\/v2\/posts\/7882","targetHints":{"allow":["GET"]}}],"collection":[{"href":"https:\/\/sinasefesm.com\/index.php\/wp-json\/wp\/v2\/posts"}],"about":[{"href":"https:\/\/sinasefesm.com\/index.php\/wp-json\/wp\/v2\/types\/post"}],"author":[{"embeddable":true,"href":"https:\/\/sinasefesm.com\/index.php\/wp-json\/wp\/v2\/users\/7"}],"replies":[{"embeddable":true,"href":"https:\/\/sinasefesm.com\/index.php\/wp-json\/wp\/v2\/comments?post=7882"}],"version-history":[{"count":1,"href":"https:\/\/sinasefesm.com\/index.php\/wp-json\/wp\/v2\/posts\/7882\/revisions"}],"predecessor-version":[{"id":7884,"href":"https:\/\/sinasefesm.com\/index.php\/wp-json\/wp\/v2\/posts\/7882\/revisions\/7884"}],"wp:featuredmedia":[{"embeddable":true,"href":"https:\/\/sinasefesm.com\/index.php\/wp-json\/wp\/v2\/media\/7883"}],"wp:attachment":[{"href":"https:\/\/sinasefesm.com\/index.php\/wp-json\/wp\/v2\/media?parent=7882"}],"wp:term":[{"taxonomy":"category","embeddable":true,"href":"https:\/\/sinasefesm.com\/index.php\/wp-json\/wp\/v2\/categories?post=7882"},{"taxonomy":"post_tag","embeddable":true,"href":"https:\/\/sinasefesm.com\/index.php\/wp-json\/wp\/v2\/tags?post=7882"}],"curies":[{"name":"wp","href":"https:\/\/api.w.org\/{rel}","templated":true}]}}