{"id":7891,"date":"2025-12-23T11:41:39","date_gmt":"2025-12-23T14:41:39","guid":{"rendered":"https:\/\/sinasefesm.com\/?p=7891"},"modified":"2025-12-30T18:55:15","modified_gmt":"2025-12-30T21:55:15","slug":"sinasefe-sm-entra-em-recesso-nas-proximas-semanas","status":"publish","type":"post","link":"https:\/\/sinasefesm.com\/index.php\/2025\/12\/23\/sinasefe-sm-entra-em-recesso-nas-proximas-semanas\/","title":{"rendered":"Sinasefe SM em recesso at\u00e9 in\u00edcio de janeiro"},"content":{"rendered":"\n<p>A diretoria do Sinasefe Santa Maria informa que entrar\u00e1 em recesso nas pr\u00f3ximas semanas, tanto no atendimento a filiados\/as, quanto no que se refere \u00e0 assessoria jur\u00eddica.<\/p>\n\n\n\n<p>Orecesso no atendimento a sindicalizados\/as vai de segunda, 22 de dezembro, at\u00e9 domingo, 4 de janeiro. Ap\u00f3s essa data, o atendimento retorna atrav\u00e9s do e-mail (5 de janeiro). J\u00e1 o atendimento presencial, que ocorre nas quartas e sextas-feiras, ser\u00e1 retomado a partir de 14 de janeiro.<\/p>\n\n\n\n<p><strong>Assessoria jur\u00eddica<\/strong><\/p>\n\n\n\n<p>O Sinasefe tamb\u00e9m ressalta que a assessoria jur\u00eddica ficar\u00e1 em recesso no per\u00edodo de 19 de dezembro a 21 de janeiro. Durante esse per\u00edodo, os prazos ficam suspensos.<\/p>\n","protected":false},"excerpt":{"rendered":"<p>A diretoria do Sinasefe Santa Maria informa que entrar\u00e1 em recesso nas pr\u00f3ximas semanas, tanto no atendimento a filiados\/as, quanto no que se refere \u00e0 assessoria jur\u00eddica. Orecesso no atendimento a sindicalizados\/as vai de segunda, 22 de dezembro, at\u00e9 domingo, 4 de janeiro. Ap\u00f3s essa data, o atendimento retorna atrav\u00e9s do e-mail (5 de janeiro).<\/p>\n","protected":false},"author":7,"featured_media":7892,"comment_status":"open","ping_status":"open","sticky":false,"template":"","format":"standard","meta":{"footnotes":""},"categories":[45],"tags":[],"class_list":{"0":"post-7891","1":"post","2":"type-post","3":"status-publish","4":"format-standard","5":"has-post-thumbnail","7":"category-sindicato"},"_links":{"self":[{"href":"https:\/\/sinasefesm.com\/index.php\/wp-json\/wp\/v2\/posts\/7891","targetHints":{"allow":["GET"]}}],"collection":[{"href":"https:\/\/sinasefesm.com\/index.php\/wp-json\/wp\/v2\/posts"}],"about":[{"href":"https:\/\/sinasefesm.com\/index.php\/wp-json\/wp\/v2\/types\/post"}],"author":[{"embeddable":true,"href":"https:\/\/sinasefesm.com\/index.php\/wp-json\/wp\/v2\/users\/7"}],"replies":[{"embeddable":true,"href":"https:\/\/sinasefesm.com\/index.php\/wp-json\/wp\/v2\/comments?post=7891"}],"version-history":[{"count":2,"href":"https:\/\/sinasefesm.com\/index.php\/wp-json\/wp\/v2\/posts\/7891\/revisions"}],"predecessor-version":[{"id":7903,"href":"https:\/\/sinasefesm.com\/index.php\/wp-json\/wp\/v2\/posts\/7891\/revisions\/7903"}],"wp:featuredmedia":[{"embeddable":true,"href":"https:\/\/sinasefesm.com\/index.php\/wp-json\/wp\/v2\/media\/7892"}],"wp:attachment":[{"href":"https:\/\/sinasefesm.com\/index.php\/wp-json\/wp\/v2\/media?parent=7891"}],"wp:term":[{"taxonomy":"category","embeddable":true,"href":"https:\/\/sinasefesm.com\/index.php\/wp-json\/wp\/v2\/categories?post=7891"},{"taxonomy":"post_tag","embeddable":true,"href":"https:\/\/sinasefesm.com\/index.php\/wp-json\/wp\/v2\/tags?post=7891"}],"curies":[{"name":"wp","href":"https:\/\/api.w.org\/{rel}","templated":true}]}}