{"id":7904,"date":"2025-12-30T19:07:52","date_gmt":"2025-12-30T22:07:52","guid":{"rendered":"https:\/\/sinasefesm.com\/?p=7904"},"modified":"2025-12-30T19:07:53","modified_gmt":"2025-12-30T22:07:53","slug":"diretoria-sindical-dialoga-com-coordenadoria-ebtt-da-ufsm","status":"publish","type":"post","link":"https:\/\/sinasefesm.com\/index.php\/2025\/12\/30\/diretoria-sindical-dialoga-com-coordenadoria-ebtt-da-ufsm\/","title":{"rendered":"Diretoria sindical dialoga com Coordenadoria EBTT da UFSM"},"content":{"rendered":"\n<p>Nesta ter\u00e7a, 30 de dezembro, integrantes da diretoria do Sinasefe Santa Maria receberam o respons\u00e1vel pela Coordenadoria EBTT (CEBTT) na UFSM, professor Marcelo Freitas. O coordenador, em seu \u00faltimo dia na fun\u00e7\u00e3o, falou um pouco sobre o trabalho atual e o futuro da CEBTT.<\/p>\n\n\n\n<p>Durante a conversa, da qual participaram Cl\u00e1udia do Amaral, Ad\u00e3o Pillar Damasceno e Cl\u00e1udio Kelling, que fazem parte da diretoria do Sinasefe SM, tamb\u00e9m foram discutidas temas relacionados a reivindica\u00e7\u00f5es n\u00e3o cumpridas no acordo de greve assinado com o MEC em 2024, tratando, por exemplo, da n\u00e3o obrigatoriedade de controle de presen\u00e7a de docentes atrav\u00e9s de ponto eletr\u00f4nico.<\/p>\n\n\n\n<p>Segundo Cl\u00e1udia, a diretoria local, em conjunto com a nacional, segue atenta e a postos para cobrar do governo federal para que sejam cumpridos todos os pontos que resultaram da negocia\u00e7\u00e3o do movimento grevista. No \u00faltimo<strong><a href=\"https:\/\/sinasefesm.com\/index.php\/2025\/12\/16\/participantes-do-37o-consinasefe-aprovam-indicativo-de-greve-para-2026\/\"> Consinasefe<\/a><\/strong>, inclusive, foi aprovado o indicativo de greve em fun\u00e7\u00e3o do descumprimento do que foi acordado.<\/p>\n\n\n\n<p><em>Texto: Fritz Rivail<br>Foto: Arquivo pessoal<\/em><\/p>\n","protected":false},"excerpt":{"rendered":"<p>Nesta ter\u00e7a, 30 de dezembro, integrantes da diretoria do Sinasefe Santa Maria receberam o respons\u00e1vel pela Coordenadoria EBTT (CEBTT) na UFSM, professor Marcelo Freitas. O coordenador, em seu \u00faltimo dia na fun\u00e7\u00e3o, falou um pouco sobre o trabalho atual e o futuro da CEBTT. Durante a conversa, da qual participaram Cl\u00e1udia do Amaral, Ad\u00e3o Pillar<\/p>\n","protected":false},"author":7,"featured_media":7905,"comment_status":"open","ping_status":"open","sticky":false,"template":"","format":"standard","meta":{"footnotes":""},"categories":[41],"tags":[],"class_list":{"0":"post-7904","1":"post","2":"type-post","3":"status-publish","4":"format-standard","5":"has-post-thumbnail","7":"category-movimento"},"_links":{"self":[{"href":"https:\/\/sinasefesm.com\/index.php\/wp-json\/wp\/v2\/posts\/7904","targetHints":{"allow":["GET"]}}],"collection":[{"href":"https:\/\/sinasefesm.com\/index.php\/wp-json\/wp\/v2\/posts"}],"about":[{"href":"https:\/\/sinasefesm.com\/index.php\/wp-json\/wp\/v2\/types\/post"}],"author":[{"embeddable":true,"href":"https:\/\/sinasefesm.com\/index.php\/wp-json\/wp\/v2\/users\/7"}],"replies":[{"embeddable":true,"href":"https:\/\/sinasefesm.com\/index.php\/wp-json\/wp\/v2\/comments?post=7904"}],"version-history":[{"count":1,"href":"https:\/\/sinasefesm.com\/index.php\/wp-json\/wp\/v2\/posts\/7904\/revisions"}],"predecessor-version":[{"id":7906,"href":"https:\/\/sinasefesm.com\/index.php\/wp-json\/wp\/v2\/posts\/7904\/revisions\/7906"}],"wp:featuredmedia":[{"embeddable":true,"href":"https:\/\/sinasefesm.com\/index.php\/wp-json\/wp\/v2\/media\/7905"}],"wp:attachment":[{"href":"https:\/\/sinasefesm.com\/index.php\/wp-json\/wp\/v2\/media?parent=7904"}],"wp:term":[{"taxonomy":"category","embeddable":true,"href":"https:\/\/sinasefesm.com\/index.php\/wp-json\/wp\/v2\/categories?post=7904"},{"taxonomy":"post_tag","embeddable":true,"href":"https:\/\/sinasefesm.com\/index.php\/wp-json\/wp\/v2\/tags?post=7904"}],"curies":[{"name":"wp","href":"https:\/\/api.w.org\/{rel}","templated":true}]}}