{"id":7917,"date":"2026-01-16T19:49:28","date_gmt":"2026-01-16T22:49:28","guid":{"rendered":"https:\/\/sinasefesm.com\/?p=7917"},"modified":"2026-01-16T19:50:18","modified_gmt":"2026-01-16T22:50:18","slug":"controle-eletronico-do-ponto-ebtt-na-pauta-de-reuniao-com-progep-ufsm","status":"publish","type":"post","link":"https:\/\/sinasefesm.com\/index.php\/2026\/01\/16\/controle-eletronico-do-ponto-ebtt-na-pauta-de-reuniao-com-progep-ufsm\/","title":{"rendered":"Controle eletr\u00f4nico do ponto EBTT na pauta de reuni\u00e3o com Progep\/UFSM"},"content":{"rendered":"\n<p>Na manh\u00e3 desta sexta, 16 de janeiro, integrantes da coordena\u00e7\u00e3o do Sinasefe SM, Cl\u00e1udia do Amaral e Ad\u00e3o Pillar Damasceno, participaram de reuni\u00e3o com o pr\u00f3-reitor de Gest\u00e3o de Pessoas (Progep) da UFSM, Frank Casado.<\/p>\n\n\n\n<p>Na pauta, diversos pontos sobre a carreira EBTT no \u00e2mbito da UFSM, sendo um deles a quest\u00e3o do controle das atividades docentes atrav\u00e9s do ponto eletr\u00f4nico, a partir de decis\u00e3o judicial. Conforme a Progep, a decis\u00e3o do Judici\u00e1rio mais recente prev\u00ea que esse controle passe a ser efetuado j\u00e1 no final de fevereiro.<\/p>\n\n\n\n<p>Frank Casado relatou a preocupa\u00e7\u00e3o da gest\u00e3o da UFSM com a situa\u00e7\u00e3o, destacando que h\u00e1 uma iniciativa contra essa demanda por parte da reitoria. Segundo ele, h\u00e1 uma reuni\u00e3o agendada da reitora, professora Martha Adaime, com a procuradoria jur\u00eddica para tratar do assunto.<\/p>\n\n\n\n<p>A diretoria do Sinasefe SM lembrou que a suspens\u00e3o do ponto eletr\u00f4nico para a carreira EBTT faz parte do acordo da greve realizada em 2024, a partir da altera\u00e7\u00e3o do Decreto 1590\/1995. Entretanto, o documento que trata dessa quest\u00e3o encontra-se na Casa Civil, ainda aguardando encaminhamento.<\/p>\n\n\n\n<p><strong>Mobiliza\u00e7\u00e3o e outras pautas<\/strong><\/p>\n\n\n\n<p>A se\u00e7\u00e3o sindical explica que seguem os contatos com a dire\u00e7\u00e3o nacional do Sinasefe e com representa\u00e7\u00f5es pol\u00edticas com o objetivo de pressionar para a altera\u00e7\u00e3o do decreto, redundando assim na suspens\u00e3o do uso de ponto eletr\u00f4nico para a carreira docente EBTT.<\/p>\n\n\n\n<p>Ainda na reuni\u00e3o foram tratados outros pontos com o pr\u00f3-reitor, como por exemplo, a composi\u00e7\u00e3o e fun\u00e7\u00e3o da CPPD (Comiss\u00e3o Permanente de Pessoal Docente) e a CIS (Comiss\u00e3o Interna de Supervis\u00e3o), al\u00e9m da Coordenadoria EBTT. Sobre a Coordenadoria, a informa\u00e7\u00e3o \u00e9 de que ser\u00e1 agendada audi\u00eancia com a reitora para dialogar sobre essa situa\u00e7\u00e3o.<\/p>\n\n\n\n<p><em>Texto: Fritz Rivail<br>Foto: Arquivo pessoal<\/em><\/p>\n\n\n\n<p><\/p>\n","protected":false},"excerpt":{"rendered":"<p>Na manh\u00e3 desta sexta, 16 de janeiro, integrantes da coordena\u00e7\u00e3o do Sinasefe SM, Cl\u00e1udia do Amaral e Ad\u00e3o Pillar Damasceno, participaram de reuni\u00e3o com o pr\u00f3-reitor de Gest\u00e3o de Pessoas (Progep) da UFSM, Frank Casado. Na pauta, diversos pontos sobre a carreira EBTT no \u00e2mbito da UFSM, sendo um deles a quest\u00e3o do controle das<\/p>\n","protected":false},"author":7,"featured_media":7918,"comment_status":"open","ping_status":"open","sticky":false,"template":"","format":"standard","meta":{"footnotes":""},"categories":[41,45],"tags":[],"class_list":{"0":"post-7917","1":"post","2":"type-post","3":"status-publish","4":"format-standard","5":"has-post-thumbnail","7":"category-movimento","8":"category-sindicato"},"_links":{"self":[{"href":"https:\/\/sinasefesm.com\/index.php\/wp-json\/wp\/v2\/posts\/7917","targetHints":{"allow":["GET"]}}],"collection":[{"href":"https:\/\/sinasefesm.com\/index.php\/wp-json\/wp\/v2\/posts"}],"about":[{"href":"https:\/\/sinasefesm.com\/index.php\/wp-json\/wp\/v2\/types\/post"}],"author":[{"embeddable":true,"href":"https:\/\/sinasefesm.com\/index.php\/wp-json\/wp\/v2\/users\/7"}],"replies":[{"embeddable":true,"href":"https:\/\/sinasefesm.com\/index.php\/wp-json\/wp\/v2\/comments?post=7917"}],"version-history":[{"count":2,"href":"https:\/\/sinasefesm.com\/index.php\/wp-json\/wp\/v2\/posts\/7917\/revisions"}],"predecessor-version":[{"id":7921,"href":"https:\/\/sinasefesm.com\/index.php\/wp-json\/wp\/v2\/posts\/7917\/revisions\/7921"}],"wp:featuredmedia":[{"embeddable":true,"href":"https:\/\/sinasefesm.com\/index.php\/wp-json\/wp\/v2\/media\/7918"}],"wp:attachment":[{"href":"https:\/\/sinasefesm.com\/index.php\/wp-json\/wp\/v2\/media?parent=7917"}],"wp:term":[{"taxonomy":"category","embeddable":true,"href":"https:\/\/sinasefesm.com\/index.php\/wp-json\/wp\/v2\/categories?post=7917"},{"taxonomy":"post_tag","embeddable":true,"href":"https:\/\/sinasefesm.com\/index.php\/wp-json\/wp\/v2\/tags?post=7917"}],"curies":[{"name":"wp","href":"https:\/\/api.w.org\/{rel}","templated":true}]}}