{"id":7923,"date":"2026-01-20T17:40:35","date_gmt":"2026-01-20T20:40:35","guid":{"rendered":"https:\/\/sinasefesm.com\/?p=7923"},"modified":"2026-01-20T17:40:36","modified_gmt":"2026-01-20T20:40:36","slug":"reforma-administrativa-em-discussao-com-o-fonasefe","status":"publish","type":"post","link":"https:\/\/sinasefesm.com\/index.php\/2026\/01\/20\/reforma-administrativa-em-discussao-com-o-fonasefe\/","title":{"rendered":"Reforma Administrativa em discuss\u00e3o com o Fonasefe"},"content":{"rendered":"\n<p>Na \u00faltima sexta-feira (16\/01), Fl\u00e1via C\u00e2ndida (<a href=\"https:\/\/sinasefe.org.br\/site\/documentos\/direcao-nacional\/coordenacao-geral\" target=\"_blank\" rel=\"noreferrer noopener\">coordenadora geral<\/a>) representou o Sinasefe na reuni\u00e3o ordin\u00e1ria do\u00a0<a href=\"https:\/\/fonasefe.org\/\" target=\"_blank\" rel=\"noreferrer noopener\">Fonasefe<\/a> (F\u00f3rum Nacional das Entidades de Servidores Federais).<\/p>\n\n\n\n<p>Nesta reuni\u00e3o foram discutidas formas de enfrentamento ao avan\u00e7o da&nbsp;<a href=\"https:\/\/sinasefe.org.br\/site\/reforma-administrativa\" target=\"_blank\" rel=\"noreferrer noopener\">Reforma Administrativa<\/a>&nbsp;(<a href=\"https:\/\/www.camara.leg.br\/proposicoesWeb\/fichadetramitacao?idProposicao=2576168\" target=\"_blank\" rel=\"noreferrer noopener\">PEC 38\/2025<\/a>), a import\u00e2ncia da regulamenta\u00e7\u00e3o do uso de intelig\u00eancia artificial (IA) e o perigo da sua utiliza\u00e7\u00e3o nas elei\u00e7\u00f5es de 2026.<\/p>\n\n\n\n<p>Entre outros pontos, foi aprovada a publica\u00e7\u00e3o de uma Nota de Rep\u00fadio do Fonasefe ao ataque perpetrado por parlamentares da extrema-direita de S\u00e3o Paulo \u00e0 sede da&nbsp;<a href=\"https:\/\/www.apeoesp.org.br\/\" target=\"_blank\" rel=\"noreferrer noopener\">Apeoesp<\/a>, ocorrido em 14 de janeiro.<\/p>\n\n\n\n<p>Fonte e imagem: Sinasefe nacional<\/p>\n","protected":false},"excerpt":{"rendered":"<p>Na \u00faltima sexta-feira (16\/01), Fl\u00e1via C\u00e2ndida (coordenadora geral) representou o Sinasefe na reuni\u00e3o ordin\u00e1ria do\u00a0Fonasefe (F\u00f3rum Nacional das Entidades de Servidores Federais). Nesta reuni\u00e3o foram discutidas formas de enfrentamento ao avan\u00e7o da&nbsp;Reforma Administrativa&nbsp;(PEC 38\/2025), a import\u00e2ncia da regulamenta\u00e7\u00e3o do uso de intelig\u00eancia artificial (IA) e o perigo da sua utiliza\u00e7\u00e3o nas elei\u00e7\u00f5es de 2026. Entre<\/p>\n","protected":false},"author":7,"featured_media":7924,"comment_status":"open","ping_status":"open","sticky":false,"template":"","format":"standard","meta":{"footnotes":""},"categories":[44],"tags":[],"class_list":{"0":"post-7923","1":"post","2":"type-post","3":"status-publish","4":"format-standard","5":"has-post-thumbnail","7":"category-reforma-administrativa"},"_links":{"self":[{"href":"https:\/\/sinasefesm.com\/index.php\/wp-json\/wp\/v2\/posts\/7923","targetHints":{"allow":["GET"]}}],"collection":[{"href":"https:\/\/sinasefesm.com\/index.php\/wp-json\/wp\/v2\/posts"}],"about":[{"href":"https:\/\/sinasefesm.com\/index.php\/wp-json\/wp\/v2\/types\/post"}],"author":[{"embeddable":true,"href":"https:\/\/sinasefesm.com\/index.php\/wp-json\/wp\/v2\/users\/7"}],"replies":[{"embeddable":true,"href":"https:\/\/sinasefesm.com\/index.php\/wp-json\/wp\/v2\/comments?post=7923"}],"version-history":[{"count":1,"href":"https:\/\/sinasefesm.com\/index.php\/wp-json\/wp\/v2\/posts\/7923\/revisions"}],"predecessor-version":[{"id":7925,"href":"https:\/\/sinasefesm.com\/index.php\/wp-json\/wp\/v2\/posts\/7923\/revisions\/7925"}],"wp:featuredmedia":[{"embeddable":true,"href":"https:\/\/sinasefesm.com\/index.php\/wp-json\/wp\/v2\/media\/7924"}],"wp:attachment":[{"href":"https:\/\/sinasefesm.com\/index.php\/wp-json\/wp\/v2\/media?parent=7923"}],"wp:term":[{"taxonomy":"category","embeddable":true,"href":"https:\/\/sinasefesm.com\/index.php\/wp-json\/wp\/v2\/categories?post=7923"},{"taxonomy":"post_tag","embeddable":true,"href":"https:\/\/sinasefesm.com\/index.php\/wp-json\/wp\/v2\/tags?post=7923"}],"curies":[{"name":"wp","href":"https:\/\/api.w.org\/{rel}","templated":true}]}}