{"id":7926,"date":"2026-01-20T17:48:15","date_gmt":"2026-01-20T20:48:15","guid":{"rendered":"https:\/\/sinasefesm.com\/?p=7926"},"modified":"2026-01-20T18:46:39","modified_gmt":"2026-01-20T21:46:39","slug":"reuniao-no-mgi-sindicato-cobra-rsc-tae","status":"publish","type":"post","link":"https:\/\/sinasefesm.com\/index.php\/2026\/01\/20\/reuniao-no-mgi-sindicato-cobra-rsc-tae\/","title":{"rendered":"Reuni\u00e3o no MGI: sindicato cobra RSC-TAE"},"content":{"rendered":"\n<p>Detalhes sobre o Reconhecimento de Saberes e Compet\u00eancias de T\u00e9cnico-Administrativos em Educa\u00e7\u00e3o (RSC-TAE) foram tratados com o Minist\u00e9rio da Gest\u00e3o e da Inova\u00e7\u00e3o em Servi\u00e7os P\u00fablicos (MGI) nesta segunda-feira (19\/01). Entretanto, o Sinasefe refor\u00e7a que, caso n\u00e3o haja uma solu\u00e7\u00e3o que respeite a categoria, o indicativo de greve para o final de fevereiro permanece firme.<\/p>\n\n\n\n<p>O Sinasefe foi representado na reuni\u00e3o por Cristina Val\u00e9ria (secret\u00e1ria-adjunta de pol\u00edticas \u00e9tnico-raciais), Leewertton Marreiro (integrante da CNS), Roni Rodrigues (coordenador de pessoal TAE) e William Carvalho (integrante da CNS). A Fasubra tamb\u00e9m participou do encontro.<\/p>\n\n\n\n<figure class=\"wp-block-image size-large is-resized\"><img fetchpriority=\"high\" decoding=\"async\" width=\"1024\" height=\"576\" src=\"https:\/\/sinasefesm.com\/wp-content\/uploads\/2026\/01\/reuniao-MGI-3-20.01-1024x576.jpg\" alt=\"\" class=\"wp-image-7928\" style=\"width:489px;height:auto\" srcset=\"https:\/\/sinasefesm.com\/wp-content\/uploads\/2026\/01\/reuniao-MGI-3-20.01-1024x576.jpg 1024w, https:\/\/sinasefesm.com\/wp-content\/uploads\/2026\/01\/reuniao-MGI-3-20.01-300x169.jpg 300w, https:\/\/sinasefesm.com\/wp-content\/uploads\/2026\/01\/reuniao-MGI-3-20.01-768x432.jpg 768w, https:\/\/sinasefesm.com\/wp-content\/uploads\/2026\/01\/reuniao-MGI-3-20.01-1536x864.jpg 1536w, https:\/\/sinasefesm.com\/wp-content\/uploads\/2026\/01\/reuniao-MGI-3-20.01-150x84.jpg 150w, https:\/\/sinasefesm.com\/wp-content\/uploads\/2026\/01\/reuniao-MGI-3-20.01-450x253.jpg 450w, https:\/\/sinasefesm.com\/wp-content\/uploads\/2026\/01\/reuniao-MGI-3-20.01-1200x675.jpg 1200w, https:\/\/sinasefesm.com\/wp-content\/uploads\/2026\/01\/reuniao-MGI-3-20.01.jpg 1800w\" sizes=\"(max-width: 1024px) 100vw, 1024px\" \/><\/figure>\n\n\n\n<p>Confira o v\u00eddeo sobre a reuni\u00e3o <a href=\"https:\/\/www.youtube.com\/watch?v=G1PI8FfpC5A\">aqui<\/a>.<\/p>\n\n\n\n<p><em>Texto e foto: Sinasefe nacional<\/em><\/p>\n","protected":false},"excerpt":{"rendered":"<p>Detalhes sobre o Reconhecimento de Saberes e Compet\u00eancias de T\u00e9cnico-Administrativos em Educa\u00e7\u00e3o (RSC-TAE) foram tratados com o Minist\u00e9rio da Gest\u00e3o e da Inova\u00e7\u00e3o em Servi\u00e7os P\u00fablicos (MGI) nesta segunda-feira (19\/01). Entretanto, o Sinasefe refor\u00e7a que, caso n\u00e3o haja uma solu\u00e7\u00e3o que respeite a categoria, o indicativo de greve para o final de fevereiro permanece firme.<\/p>\n","protected":false},"author":7,"featured_media":7927,"comment_status":"open","ping_status":"open","sticky":false,"template":"","format":"standard","meta":{"footnotes":""},"categories":[1],"tags":[],"class_list":{"0":"post-7926","1":"post","2":"type-post","3":"status-publish","4":"format-standard","5":"has-post-thumbnail","7":"category-blog"},"_links":{"self":[{"href":"https:\/\/sinasefesm.com\/index.php\/wp-json\/wp\/v2\/posts\/7926","targetHints":{"allow":["GET"]}}],"collection":[{"href":"https:\/\/sinasefesm.com\/index.php\/wp-json\/wp\/v2\/posts"}],"about":[{"href":"https:\/\/sinasefesm.com\/index.php\/wp-json\/wp\/v2\/types\/post"}],"author":[{"embeddable":true,"href":"https:\/\/sinasefesm.com\/index.php\/wp-json\/wp\/v2\/users\/7"}],"replies":[{"embeddable":true,"href":"https:\/\/sinasefesm.com\/index.php\/wp-json\/wp\/v2\/comments?post=7926"}],"version-history":[{"count":2,"href":"https:\/\/sinasefesm.com\/index.php\/wp-json\/wp\/v2\/posts\/7926\/revisions"}],"predecessor-version":[{"id":7930,"href":"https:\/\/sinasefesm.com\/index.php\/wp-json\/wp\/v2\/posts\/7926\/revisions\/7930"}],"wp:featuredmedia":[{"embeddable":true,"href":"https:\/\/sinasefesm.com\/index.php\/wp-json\/wp\/v2\/media\/7927"}],"wp:attachment":[{"href":"https:\/\/sinasefesm.com\/index.php\/wp-json\/wp\/v2\/media?parent=7926"}],"wp:term":[{"taxonomy":"category","embeddable":true,"href":"https:\/\/sinasefesm.com\/index.php\/wp-json\/wp\/v2\/categories?post=7926"},{"taxonomy":"post_tag","embeddable":true,"href":"https:\/\/sinasefesm.com\/index.php\/wp-json\/wp\/v2\/tags?post=7926"}],"curies":[{"name":"wp","href":"https:\/\/api.w.org\/{rel}","templated":true}]}}