{"id":7931,"date":"2026-01-22T19:24:46","date_gmt":"2026-01-22T22:24:46","guid":{"rendered":"https:\/\/sinasefesm.com\/?p=7931"},"modified":"2026-01-22T19:24:47","modified_gmt":"2026-01-22T22:24:47","slug":"sindicatos-atualizam-pauta-dos-spfs","status":"publish","type":"post","link":"https:\/\/sinasefesm.com\/index.php\/2026\/01\/22\/sindicatos-atualizam-pauta-dos-spfs\/","title":{"rendered":"Sindicatos atualizam pauta dos SPFs"},"content":{"rendered":"\n<p>Na\u00a0<a href=\"https:\/\/sinasefe.org.br\/site\/comunicacao\/agenda\" target=\"_blank\" rel=\"noreferrer noopener\">tarde de<\/a>\u00a0ter\u00e7a-feira (20\/01) ocorreu a primeira reuni\u00e3o semanal presencial de 2026 entre as entidades sindicais da Educa\u00e7\u00e3o Federal, com a participa\u00e7\u00e3o de representantes do SINASEFE, do\u00a0<a href=\"https:\/\/www.andes.org.br\/\" target=\"_blank\" rel=\"noreferrer noopener\">Andes-SN<\/a>\u00a0e da\u00a0<a href=\"https:\/\/fasubra.org.br\/\" target=\"_blank\" rel=\"noreferrer noopener\">Fasubra<\/a>.<\/p>\n\n\n\n<p>A reuni\u00e3o aconteceu de forma h\u00edbrida, com participantes&nbsp;<em>online<\/em>&nbsp;e presenciais na sede do Andes-SN, em Bras\u00edlia-DF.<\/p>\n\n\n\n<p>O objetivo desse encontro semanal&nbsp;<a href=\"https:\/\/sinasefe.org.br\/site\/entidades-da-educacao-federal-retomam-agenda-conjunta\" target=\"_blank\" rel=\"noreferrer noopener\">que \u00e9 regular desde fevereiro do ano passado<\/a>, al\u00e9m de fazer um repasse entre as tr\u00eas entidades do que cada uma est\u00e1 construindo e aprovando rotineiramente em seus f\u00f3runs, \u00e9 articular as lutas conjuntas que sejam poss\u00edveis.<\/p>\n\n\n\n<p>A pauta tratada foi a atualiza\u00e7\u00e3o das reivindica\u00e7\u00f5es gerais dos Servidores P\u00fablicos Federais (SPFs) para envio ao Governo Federal, o que ser\u00e1 feito pelo\u00a0<a href=\"https:\/\/fonasefe.org\/\" target=\"_blank\" rel=\"noreferrer noopener\">Fonasefe<\/a>.<\/p>\n\n\n\n<p>O Fonasefe (f\u00f3rum que conta com a participa\u00e7\u00e3o de Sinasefe, Andes-SN e Fasubra), por sua vez,\u00a0<a href=\"https:\/\/sinasefe.org.br\/site\/comunicacao\/agenda\" target=\"_blank\" rel=\"noreferrer noopener\">se reunir\u00e1 na sexta-feira<\/a>\u00a0(23\/01), para dialogar justamente sobre a reconstru\u00e7\u00e3o dessa pauta.<\/p>\n\n\n\n<p><em>Texto e foto: Sinasefe Nacional<\/em><\/p>\n","protected":false},"excerpt":{"rendered":"<p>Na\u00a0tarde de\u00a0ter\u00e7a-feira (20\/01) ocorreu a primeira reuni\u00e3o semanal presencial de 2026 entre as entidades sindicais da Educa\u00e7\u00e3o Federal, com a participa\u00e7\u00e3o de representantes do SINASEFE, do\u00a0Andes-SN\u00a0e da\u00a0Fasubra. A reuni\u00e3o aconteceu de forma h\u00edbrida, com participantes&nbsp;online&nbsp;e presenciais na sede do Andes-SN, em Bras\u00edlia-DF. O objetivo desse encontro semanal&nbsp;que \u00e9 regular desde fevereiro do ano passado, al\u00e9m<\/p>\n","protected":false},"author":7,"featured_media":7932,"comment_status":"open","ping_status":"open","sticky":false,"template":"","format":"standard","meta":{"footnotes":""},"categories":[41,45],"tags":[],"class_list":{"0":"post-7931","1":"post","2":"type-post","3":"status-publish","4":"format-standard","5":"has-post-thumbnail","7":"category-movimento","8":"category-sindicato"},"_links":{"self":[{"href":"https:\/\/sinasefesm.com\/index.php\/wp-json\/wp\/v2\/posts\/7931","targetHints":{"allow":["GET"]}}],"collection":[{"href":"https:\/\/sinasefesm.com\/index.php\/wp-json\/wp\/v2\/posts"}],"about":[{"href":"https:\/\/sinasefesm.com\/index.php\/wp-json\/wp\/v2\/types\/post"}],"author":[{"embeddable":true,"href":"https:\/\/sinasefesm.com\/index.php\/wp-json\/wp\/v2\/users\/7"}],"replies":[{"embeddable":true,"href":"https:\/\/sinasefesm.com\/index.php\/wp-json\/wp\/v2\/comments?post=7931"}],"version-history":[{"count":1,"href":"https:\/\/sinasefesm.com\/index.php\/wp-json\/wp\/v2\/posts\/7931\/revisions"}],"predecessor-version":[{"id":7933,"href":"https:\/\/sinasefesm.com\/index.php\/wp-json\/wp\/v2\/posts\/7931\/revisions\/7933"}],"wp:featuredmedia":[{"embeddable":true,"href":"https:\/\/sinasefesm.com\/index.php\/wp-json\/wp\/v2\/media\/7932"}],"wp:attachment":[{"href":"https:\/\/sinasefesm.com\/index.php\/wp-json\/wp\/v2\/media?parent=7931"}],"wp:term":[{"taxonomy":"category","embeddable":true,"href":"https:\/\/sinasefesm.com\/index.php\/wp-json\/wp\/v2\/categories?post=7931"},{"taxonomy":"post_tag","embeddable":true,"href":"https:\/\/sinasefesm.com\/index.php\/wp-json\/wp\/v2\/tags?post=7931"}],"curies":[{"name":"wp","href":"https:\/\/api.w.org\/{rel}","templated":true}]}}