{"id":7934,"date":"2026-01-23T19:13:54","date_gmt":"2026-01-23T22:13:54","guid":{"rendered":"https:\/\/sinasefesm.com\/?p=7934"},"modified":"2026-01-23T19:13:54","modified_gmt":"2026-01-23T22:13:54","slug":"rsc-tae-volta-a-ser-tratado-em-reuniao-na-terca-27-01","status":"publish","type":"post","link":"https:\/\/sinasefesm.com\/index.php\/2026\/01\/23\/rsc-tae-volta-a-ser-tratado-em-reuniao-na-terca-27-01\/","title":{"rendered":"RSC-TAE volta a ser tratado em reuni\u00e3o na ter\u00e7a, 27\/01"},"content":{"rendered":"\n<p>Na pr\u00f3xima ter\u00e7a (27\/01), em Bras\u00edlia-DF, \u00e0s 16 horas, o Sinasefe se reunir\u00e1 com representantes do Minist\u00e9rio da Educa\u00e7\u00e3o (MEC) e do Minist\u00e9rio da Gest\u00e3o e da Inova\u00e7\u00e3o em Servi\u00e7os P\u00fablicos (MGI) para cobrar o cumprimento integral do\u00a0<a href=\"https:\/\/sinasefe.org.br\/site\/download\/termo-de-acordo-no-11-greve-2024-reestruturacao-do-pcctae\" target=\"_blank\" rel=\"noreferrer noopener\">Termo de Acordo n\u00ba 11\/2024<\/a>,\u00a0<a href=\"https:\/\/sinasefe.org.br\/site\/sinasefe-assina-acordos-e-categoria-retoma-atividades-ate-03-07\" target=\"_blank\" rel=\"noreferrer noopener\">assinado<\/a>\u00a0na suspens\u00e3o da\u00a0<a href=\"https:\/\/sinasefe.org.br\/site\/greve-2024\" target=\"_blank\" rel=\"noreferrer noopener\">greve de 2024<\/a>.<\/p>\n\n\n\n<p>O ponto a ser debatido nesta reuni\u00e3o ser\u00e1 o Reconhecimento de Saberes e Compet\u00eancias (RSC) para os servidores do PCCTAE, que foi descaracterizado pelo&nbsp;<a href=\"https:\/\/www.camara.leg.br\/proposicoesWeb\/fichadetramitacao?idProposicao=2592447\" target=\"_blank\" rel=\"noreferrer noopener\">PL 6170\/2025<\/a>, apresentado pelo Governo Lula em 03\/12\/2025.<\/p>\n\n\n\n<p>Essa reuni\u00e3o, que foi\u00a0<a href=\"https:\/\/sinasefe.org.br\/site\/carreira-tae-confira-o-resumo-da-reuniao-de-19-01-com-o-mgi\" target=\"_blank\" rel=\"noreferrer noopener\">agendada inicialmente<\/a>\u00a0para segunda-feira (26\/01),\u00a0<strong>teve a data alterada para a ter\u00e7a-feira (27\/01)<\/strong>\u00a0na tarde de ter\u00e7a (20\/01) pela Diretoria de Rela\u00e7\u00f5es de Trabalho no Servi\u00e7o P\u00fablico (Deret) do MGI.<\/p>\n\n\n\n<p>O Sinasefe ser\u00e1 representado no espa\u00e7o por Leewertton Marreiro (integrante da\u00a0<a href=\"https:\/\/sinasefe.org.br\/site\/comissoes\/cns\" target=\"_blank\" rel=\"noreferrer noopener\">CNS<\/a>), Milena Silva (<a href=\"https:\/\/sinasefe.org.br\/site\/documentos\/direcao-nacional\/coordenacao-de-comunicacao\" target=\"_blank\" rel=\"noreferrer noopener\">secret\u00e1ria de comunica\u00e7\u00e3o<\/a>) Roni Rodrigues (<a href=\"https:\/\/sinasefe.org.br\/site\/documentos\/direcao-nacional\/coordenacao-de-pessoal\" target=\"_blank\" rel=\"noreferrer noopener\">coordenador de pessoal<\/a>\u00a0<a href=\"https:\/\/sinasefe.org.br\/site\/comissoes\/cns\" target=\"_blank\" rel=\"noreferrer noopener\">TAE<\/a>) e William Carvalho (integrante da\u00a0<a href=\"https:\/\/sinasefe.org.br\/site\/comissoes\/cns\" target=\"_blank\" rel=\"noreferrer noopener\">CNS<\/a>). A\u00a0<a href=\"https:\/\/fasubra.org.br\/\" target=\"_blank\" rel=\"noreferrer noopener\">Fasubra<\/a>\u00a0tamb\u00e9m foi convidada para a reuni\u00e3o.<\/p>\n\n\n\n<p><strong>Mais detalhes sobre a reuni\u00e3o de segunda, 19\/01<\/strong><\/p>\n\n\n\n<p>Na \u00faltima\u00a0<a href=\"https:\/\/sinasefe.org.br\/site\/reuniao-com-o-mgi-duplicar\" target=\"_blank\" rel=\"noreferrer noopener\">segunda-feira<\/a>\u00a0(19\/01), Sinasefe,\u00a0<a href=\"https:\/\/fasubra.org.br\/\" target=\"_blank\" rel=\"noreferrer noopener\">Fasubra<\/a>, MEC e MGI,\u00a0<a href=\"https:\/\/sinasefe.org.br\/site\/carreira-tae-confira-o-resumo-da-reuniao-de-19-01-com-o-mgi\" target=\"_blank\" rel=\"noreferrer noopener\">debateram as regras do RSC-TAE<\/a>\u00a0constantes no\u00a0<a href=\"https:\/\/www.camara.leg.br\/proposicoesWeb\/fichadetramitacao?idProposicao=2592447\" target=\"_blank\" rel=\"noreferrer noopener\">PL 6170\/2025<\/a>. Embora tenham sido conquistado avan\u00e7os, o Governo insiste em pontos que o sindicato considera retrocessos.<\/p>\n\n\n\n<h3 class=\"wp-block-heading\">Alguns avan\u00e7os<\/h3>\n\n\n\n<ul class=\"wp-block-list\">\n<li><strong>Abrang\u00eancia:<\/strong>\u00a0o limite de concess\u00e3o mudou. A proposta saiu de 70%\u00a0<em>por institui\u00e7\u00e3o<\/em>\u00a0para 75% do total da carreira (embora as entidades sigam pleiteando a n\u00e3o exist\u00eancia de teto);<\/li>\n\n\n\n<li><strong>Servidores cedidos:<\/strong>\u00a0o direito ao RSC-TAE foi garantido tamb\u00e9m para os servidores cedidos (com prioridade de an\u00e1lise para quem est\u00e1 na ativa no \u00f3rg\u00e3o de origem);<\/li>\n\n\n\n<li><strong>Atividades consideradas:<\/strong>\u00a0inclus\u00e3o formal de Ensino, Pesquisa, Extens\u00e3o e Assist\u00eancia Especializada;<\/li>\n\n\n\n<li><strong>Desburocratiza\u00e7\u00e3o:<\/strong>\u00a0fim da exig\u00eancia de homologa\u00e7\u00e3o pelo Conselho Superior e retirada do limite temporal dos \u00faltimos cinco anos para o primeiro pedido;<\/li>\n\n\n\n<li><strong>Limites de atividades:<\/strong>\u00a0retirada do limite dos percentuais das atividades (referente ao artigo 12-D, \u00a72\u00ba).<\/li>\n<\/ul>\n\n\n\n<h3 class=\"wp-block-heading\">Pontos de embate<\/h3>\n\n\n\n<ul class=\"wp-block-list\">\n<li><strong>Memorial:<\/strong>\u00a0o Governo quer implantar um memorial com defesa presencial (banca). O Sinasefe \u00e9 contra a defesa, pois pode se tornar instrumento de ass\u00e9dio, defendendo apenas a apresenta\u00e7\u00e3o documental;<\/li>\n\n\n\n<li><strong>Interst\u00edcio:<\/strong>\u00a0o Governo prop\u00f5e um intervalo de tr\u00eas anos entre as concess\u00f5es. O sindicato discorda veementemente, pois o prazo \u00e9 desproporcional (maior que o de um mestrado, por exemplo);<\/li>\n\n\n\n<li><strong>Efeitos financeiros:<\/strong>\u00a0o Governo prop\u00f5e pagar somente ap\u00f3s a avalia\u00e7\u00e3o da suposta banca do memorial. O Sinasefe exige o pagamento retroativo \u00e0 data de entrega do requerimento (respeitando o in\u00edcio da vig\u00eancia em abril);<\/li>\n\n\n\n<li><strong>Est\u00e1gio probat\u00f3rio:<\/strong>\u00a0o Governo insiste em impedir a concess\u00e3o do RSC-TAE durante o est\u00e1gio probat\u00f3rio, barreira que continuaremos combatendo.<\/li>\n<\/ul>\n\n\n\n<h3 class=\"wp-block-heading\">Outros encaminhamentos<\/h3>\n\n\n\n<ul class=\"wp-block-list\">\n<li><strong>GT Cargos:<\/strong>\u00a0o MEC informou que a Minuta do Decreto j\u00e1 se encontra no gabinete do Ministro da Educa\u00e7\u00e3o para assinatura;<\/li>\n\n\n\n<li><strong>Jornada de 30 horas e Int\u00e9rpretes de Libras:<\/strong>\u00a0sobre a jornada de trabalho e a contrata\u00e7\u00e3o tempor\u00e1ria dos Int\u00e9rpretes de Libras, encaminharemos um Of\u00edcio conjunto com a Fasubra ao MGI.<br><br><strong>Alinhamento com Fasubra<\/strong><br>Foi realizada uma reuni\u00e3o de alinhamento estrat\u00e9gico com a Fasubra,\u00a0<a href=\"https:\/\/sinasefe.org.br\/site\/comunicacao\/agenda\" target=\"_blank\" rel=\"noreferrer noopener\">na quinta-feira<\/a>\u00a0(22\/01), para unificar a linguagem e a press\u00e3o sobre o MGI nas pautas do RSC-TAE, garantindo que o PCCTAE n\u00e3o sofra divis\u00f5es e que se tenha for\u00e7a unificada na negocia\u00e7\u00e3o.<br><em><br>Fonte e imagem: SinasefeNacional<br>Edi\u00e7\u00e3o: Fritz Rivail<\/em><br><\/li>\n<\/ul>\n\n\n\n<p><\/p>\n","protected":false},"excerpt":{"rendered":"<p>Na pr\u00f3xima ter\u00e7a (27\/01), em Bras\u00edlia-DF, \u00e0s 16 horas, o Sinasefe se reunir\u00e1 com representantes do Minist\u00e9rio da Educa\u00e7\u00e3o (MEC) e do Minist\u00e9rio da Gest\u00e3o e da Inova\u00e7\u00e3o em Servi\u00e7os P\u00fablicos (MGI) para cobrar o cumprimento integral do\u00a0Termo de Acordo n\u00ba 11\/2024,\u00a0assinado\u00a0na suspens\u00e3o da\u00a0greve de 2024. O ponto a ser debatido nesta reuni\u00e3o ser\u00e1 o<\/p>\n","protected":false},"author":7,"featured_media":7935,"comment_status":"open","ping_status":"open","sticky":false,"template":"","format":"standard","meta":{"footnotes":""},"categories":[42],"tags":[],"class_list":{"0":"post-7934","1":"post","2":"type-post","3":"status-publish","4":"format-standard","5":"has-post-thumbnail","7":"category-noticia"},"_links":{"self":[{"href":"https:\/\/sinasefesm.com\/index.php\/wp-json\/wp\/v2\/posts\/7934","targetHints":{"allow":["GET"]}}],"collection":[{"href":"https:\/\/sinasefesm.com\/index.php\/wp-json\/wp\/v2\/posts"}],"about":[{"href":"https:\/\/sinasefesm.com\/index.php\/wp-json\/wp\/v2\/types\/post"}],"author":[{"embeddable":true,"href":"https:\/\/sinasefesm.com\/index.php\/wp-json\/wp\/v2\/users\/7"}],"replies":[{"embeddable":true,"href":"https:\/\/sinasefesm.com\/index.php\/wp-json\/wp\/v2\/comments?post=7934"}],"version-history":[{"count":1,"href":"https:\/\/sinasefesm.com\/index.php\/wp-json\/wp\/v2\/posts\/7934\/revisions"}],"predecessor-version":[{"id":7936,"href":"https:\/\/sinasefesm.com\/index.php\/wp-json\/wp\/v2\/posts\/7934\/revisions\/7936"}],"wp:featuredmedia":[{"embeddable":true,"href":"https:\/\/sinasefesm.com\/index.php\/wp-json\/wp\/v2\/media\/7935"}],"wp:attachment":[{"href":"https:\/\/sinasefesm.com\/index.php\/wp-json\/wp\/v2\/media?parent=7934"}],"wp:term":[{"taxonomy":"category","embeddable":true,"href":"https:\/\/sinasefesm.com\/index.php\/wp-json\/wp\/v2\/categories?post=7934"},{"taxonomy":"post_tag","embeddable":true,"href":"https:\/\/sinasefesm.com\/index.php\/wp-json\/wp\/v2\/tags?post=7934"}],"curies":[{"name":"wp","href":"https:\/\/api.w.org\/{rel}","templated":true}]}}