{"id":7938,"date":"2026-01-29T18:11:08","date_gmt":"2026-01-29T21:11:08","guid":{"rendered":"https:\/\/sinasefesm.com\/?p=7938"},"modified":"2026-01-29T18:11:42","modified_gmt":"2026-01-29T21:11:42","slug":"nova-reuniao-sindical-para-atualizar-pauta-dos-spfs","status":"publish","type":"post","link":"https:\/\/sinasefesm.com\/index.php\/2026\/01\/29\/nova-reuniao-sindical-para-atualizar-pauta-dos-spfs\/","title":{"rendered":"Nova reuni\u00e3o sindical para atualizar pauta dos SPFs"},"content":{"rendered":"\n<p>Na&nbsp;<a href=\"https:\/\/sinasefe.org.br\/site\/comunicacao\/agenda\" target=\"_blank\" rel=\"noreferrer noopener\">tarde desta<\/a>&nbsp;quinta-feira (29\/01) ocorreu a segunda reuni\u00e3o semanal presencial de 2026 entre as entidades sindicais da Educa\u00e7\u00e3o Federal, com a participa\u00e7\u00e3o de representantes do SINASEFE, do&nbsp;<a href=\"https:\/\/www.andes.org.br\/\" target=\"_blank\" rel=\"noreferrer noopener\">Andes-SN<\/a>&nbsp;e da&nbsp;<a href=\"https:\/\/fasubra.org.br\/\" target=\"_blank\" rel=\"noreferrer noopener\">Fasubra<\/a>.<\/p>\n\n\n\n<p>O objetivo desse encontro semanal&nbsp;\u00e9, al\u00e9m de fazer um repasse entre as tr\u00eas entidades do que cada uma est\u00e1 construindo e aprovando rotineiramente em seus f\u00f3runs, tamb\u00e9m articular as lutas e pautas conjuntas.<\/p>\n\n\n\n<p>A reuni\u00e3o aconteceu de forma h\u00edbrida, com participantes&nbsp;<em>online<\/em>&nbsp;e presenciais na sede do Andes-SN, em Bras\u00edlia-DF.<\/p>\n\n\n\n<p>A pauta tratada nesta quinta abrangeu a atualiza\u00e7\u00e3o das reivindica\u00e7\u00f5es gerais dos Servidores P\u00fablicos Federais (SPFs) para envio ao Governo Federal, o que ser\u00e1 feito pelo&nbsp;<a href=\"https:\/\/fonasefe.org\/\" target=\"_blank\" rel=\"noreferrer noopener\">Fonasefe<\/a>.<\/p>\n\n\n\n<p>O Fonasefe (f\u00f3rum que conta com a participa\u00e7\u00e3o de Sinasefe, Andes-SN e Fasubra), por sua vez,&nbsp;<a href=\"https:\/\/sinasefe.org.br\/site\/comunicacao\/agenda\" target=\"_blank\" rel=\"noreferrer noopener\">se reunir\u00e1 nesta sexta<\/a>&nbsp;(30\/01), para dialogar justamente sobre a reconstru\u00e7\u00e3o dessa pauta.<\/p>\n\n\n\n<p><em>Texto e foto: Sinasefe nacional<\/em><\/p>\n\n\n\n<p><em>Edi\u00e7\u00e3o: Fritz Rivail<\/em><\/p>\n","protected":false},"excerpt":{"rendered":"<p>Na&nbsp;tarde desta&nbsp;quinta-feira (29\/01) ocorreu a segunda reuni\u00e3o semanal presencial de 2026 entre as entidades sindicais da Educa\u00e7\u00e3o Federal, com a participa\u00e7\u00e3o de representantes do SINASEFE, do&nbsp;Andes-SN&nbsp;e da&nbsp;Fasubra. O objetivo desse encontro semanal&nbsp;\u00e9, al\u00e9m de fazer um repasse entre as tr\u00eas entidades do que cada uma est\u00e1 construindo e aprovando rotineiramente em seus f\u00f3runs, tamb\u00e9m articular<\/p>\n","protected":false},"author":7,"featured_media":7939,"comment_status":"open","ping_status":"open","sticky":false,"template":"","format":"standard","meta":{"footnotes":""},"categories":[41],"tags":[],"class_list":{"0":"post-7938","1":"post","2":"type-post","3":"status-publish","4":"format-standard","5":"has-post-thumbnail","7":"category-movimento"},"_links":{"self":[{"href":"https:\/\/sinasefesm.com\/index.php\/wp-json\/wp\/v2\/posts\/7938","targetHints":{"allow":["GET"]}}],"collection":[{"href":"https:\/\/sinasefesm.com\/index.php\/wp-json\/wp\/v2\/posts"}],"about":[{"href":"https:\/\/sinasefesm.com\/index.php\/wp-json\/wp\/v2\/types\/post"}],"author":[{"embeddable":true,"href":"https:\/\/sinasefesm.com\/index.php\/wp-json\/wp\/v2\/users\/7"}],"replies":[{"embeddable":true,"href":"https:\/\/sinasefesm.com\/index.php\/wp-json\/wp\/v2\/comments?post=7938"}],"version-history":[{"count":2,"href":"https:\/\/sinasefesm.com\/index.php\/wp-json\/wp\/v2\/posts\/7938\/revisions"}],"predecessor-version":[{"id":7941,"href":"https:\/\/sinasefesm.com\/index.php\/wp-json\/wp\/v2\/posts\/7938\/revisions\/7941"}],"wp:featuredmedia":[{"embeddable":true,"href":"https:\/\/sinasefesm.com\/index.php\/wp-json\/wp\/v2\/media\/7939"}],"wp:attachment":[{"href":"https:\/\/sinasefesm.com\/index.php\/wp-json\/wp\/v2\/media?parent=7938"}],"wp:term":[{"taxonomy":"category","embeddable":true,"href":"https:\/\/sinasefesm.com\/index.php\/wp-json\/wp\/v2\/categories?post=7938"},{"taxonomy":"post_tag","embeddable":true,"href":"https:\/\/sinasefesm.com\/index.php\/wp-json\/wp\/v2\/tags?post=7938"}],"curies":[{"name":"wp","href":"https:\/\/api.w.org\/{rel}","templated":true}]}}