{"id":7942,"date":"2026-01-29T18:28:55","date_gmt":"2026-01-29T21:28:55","guid":{"rendered":"https:\/\/sinasefesm.com\/?p=7942"},"modified":"2026-01-29T18:28:56","modified_gmt":"2026-01-29T21:28:56","slug":"lembrete-segunda-etapa-da-recomposicao-salarial-sera-paga-no-inicio-de-maio","status":"publish","type":"post","link":"https:\/\/sinasefesm.com\/index.php\/2026\/01\/29\/lembrete-segunda-etapa-da-recomposicao-salarial-sera-paga-no-inicio-de-maio\/","title":{"rendered":"Lembrete: segunda etapa da recomposi\u00e7\u00e3o salarial ser\u00e1 paga no in\u00edcio de maio"},"content":{"rendered":"\n<p>A equipe diretiva do Sinasefe nacional est\u00e1 alertando que a recomposi\u00e7\u00e3o salarial das e dos docentes e t\u00e9cnicos (TAEs) ter\u00e1 sua segunda etapa paga na folha de abril de 2026, que sai no contracheque do in\u00edcio de maio.<\/p>\n\n\n\n<p>Essa recomposi\u00e7\u00e3o foi fruto do enfrentamento na\u00a0<a href=\"https:\/\/sinasefe.org.br\/site\/greve-2024\" target=\"_blank\" rel=\"noreferrer noopener\">greve de 2024<\/a>, que durou 86 dias \u2013 de\u00a0<a href=\"https:\/\/sinasefe.org.br\/site\/greve-do-sinasefe-tem-inicio-com-ato-unificado-em-brasilia-df\" target=\"_blank\" rel=\"noreferrer noopener\">3 de abril<\/a>\u00a0a\u00a0<a href=\"https:\/\/sinasefe.org.br\/site\/sinasefe-assina-acordos-e-categoria-retoma-atividades-ate-03-07\" target=\"_blank\" rel=\"noreferrer noopener\">27 de junho<\/a>.<\/p>\n\n\n\n<p>O reajuste das e dos DOCENTES est\u00e1 descrito na cl\u00e1usula 1\u00aa (e documento anexo) do\u00a0<a href=\"https:\/\/sinasefe.org.br\/site\/download\/termo-de-acordo-no-10-greve-2024-reestruturacao-do-pccmf-ebtt\/\" target=\"_blank\" rel=\"noreferrer noopener\">Termo de Acordo n\u00ba 10\/2024<\/a>,\u00a0<a href=\"https:\/\/sinasefe.org.br\/site\/sinasefe-assina-acordos-e-categoria-retoma-atividades-ate-03-07\/\" target=\"_blank\" rel=\"noreferrer noopener\">assinado em 27 de junho de 2024<\/a>:<\/p>\n\n\n\n<ul class=\"wp-block-list\">\n<li>9,0% a partir de janeiro de 2025 (pago a partir do contracheque de maio de 2025);<\/li>\n\n\n\n<li>3,5% a partir de abril de 2026 (a ser pago no contracheque de maio de 2026).<\/li>\n<\/ul>\n\n\n\n<p>O reajuste dos TAEs est\u00e1 descrito na cl\u00e1usula 1\u00aa do&nbsp;<a href=\"https:\/\/sinasefe.org.br\/site\/download\/termo-de-acordo-no-11-greve-2024-reestruturacao-do-pcctae\" target=\"_blank\" rel=\"noreferrer noopener\">Termo de Acordo n\u00ba 11\/2024<\/a>,&nbsp;<a href=\"https:\/\/sinasefe.org.br\/site\/sinasefe-assina-acordos-e-categoria-retoma-atividades-ate-03-07\/\" target=\"_blank\" rel=\"noreferrer noopener\">assinado em 27 de junho de 2024<\/a>:<\/p>\n\n\n\n<ul class=\"wp-block-list\">\n<li>9,0% a partir de janeiro de 2025 (pago a partir do contracheque de maio de 2025);<\/li>\n\n\n\n<li>5,0% a partir de abril de 2026 (a ser pago no contracheque de maio de 2026).<br><br><em>Fonte e imagem: Sinasefe nacional<br>Edi\u00e7\u00e3o: Fritz Rivail<\/em><\/li>\n<\/ul>\n","protected":false},"excerpt":{"rendered":"<p>A equipe diretiva do Sinasefe nacional est\u00e1 alertando que a recomposi\u00e7\u00e3o salarial das e dos docentes e t\u00e9cnicos (TAEs) ter\u00e1 sua segunda etapa paga na folha de abril de 2026, que sai no contracheque do in\u00edcio de maio. Essa recomposi\u00e7\u00e3o foi fruto do enfrentamento na\u00a0greve de 2024, que durou 86 dias \u2013 de\u00a03 de abril\u00a0a\u00a027<\/p>\n","protected":false},"author":7,"featured_media":7943,"comment_status":"open","ping_status":"open","sticky":false,"template":"","format":"standard","meta":{"footnotes":""},"categories":[42,45],"tags":[],"class_list":{"0":"post-7942","1":"post","2":"type-post","3":"status-publish","4":"format-standard","5":"has-post-thumbnail","7":"category-noticia","8":"category-sindicato"},"_links":{"self":[{"href":"https:\/\/sinasefesm.com\/index.php\/wp-json\/wp\/v2\/posts\/7942","targetHints":{"allow":["GET"]}}],"collection":[{"href":"https:\/\/sinasefesm.com\/index.php\/wp-json\/wp\/v2\/posts"}],"about":[{"href":"https:\/\/sinasefesm.com\/index.php\/wp-json\/wp\/v2\/types\/post"}],"author":[{"embeddable":true,"href":"https:\/\/sinasefesm.com\/index.php\/wp-json\/wp\/v2\/users\/7"}],"replies":[{"embeddable":true,"href":"https:\/\/sinasefesm.com\/index.php\/wp-json\/wp\/v2\/comments?post=7942"}],"version-history":[{"count":1,"href":"https:\/\/sinasefesm.com\/index.php\/wp-json\/wp\/v2\/posts\/7942\/revisions"}],"predecessor-version":[{"id":7944,"href":"https:\/\/sinasefesm.com\/index.php\/wp-json\/wp\/v2\/posts\/7942\/revisions\/7944"}],"wp:featuredmedia":[{"embeddable":true,"href":"https:\/\/sinasefesm.com\/index.php\/wp-json\/wp\/v2\/media\/7943"}],"wp:attachment":[{"href":"https:\/\/sinasefesm.com\/index.php\/wp-json\/wp\/v2\/media?parent=7942"}],"wp:term":[{"taxonomy":"category","embeddable":true,"href":"https:\/\/sinasefesm.com\/index.php\/wp-json\/wp\/v2\/categories?post=7942"},{"taxonomy":"post_tag","embeddable":true,"href":"https:\/\/sinasefesm.com\/index.php\/wp-json\/wp\/v2\/tags?post=7942"}],"curies":[{"name":"wp","href":"https:\/\/api.w.org\/{rel}","templated":true}]}}