{"id":7955,"date":"2026-02-04T18:08:09","date_gmt":"2026-02-04T21:08:09","guid":{"rendered":"https:\/\/sinasefesm.com\/?p=7955"},"modified":"2026-02-04T18:08:09","modified_gmt":"2026-02-04T21:08:09","slug":"diretoria-do-sinasefe-sm-tera-audiencia-com-gestao-da-ufsm","status":"publish","type":"post","link":"https:\/\/sinasefesm.com\/index.php\/2026\/02\/04\/diretoria-do-sinasefe-sm-tera-audiencia-com-gestao-da-ufsm\/","title":{"rendered":"Diretoria do Sinasefe SM ter\u00e1 audi\u00eancia com gest\u00e3o da UFSM"},"content":{"rendered":"\n<p>Na pr\u00f3xima quinta, 12 de fevereiro, \u00e0s 14h, integrantes da diretoria do Sinasefe Santa Maria, junto com alguns docentes do Col\u00e9gio Polit\u00e9cnico e do T\u00e9cnico Industrial (Ctism) da UFSM, participam de uma audi\u00eancia com a gest\u00e3o da universidade: reitora Martha Adaime e vice-reitor, Tiago Marchesan. A pauta do encontro vai tratar sobre a carreira EBTT (Ensino B\u00e1sico, T\u00e9cnico e Tecnol\u00f3gico) no \u00e2mbito da institui\u00e7\u00e3o.<\/p>\n\n\n\n<p><em><br>Foto: Arquivo<br>Texto: Fritz Rivail<\/em><\/p>\n","protected":false},"excerpt":{"rendered":"<p>Na pr\u00f3xima quinta, 12 de fevereiro, \u00e0s 14h, integrantes da diretoria do Sinasefe Santa Maria, junto com alguns docentes do Col\u00e9gio Polit\u00e9cnico e do T\u00e9cnico Industrial (Ctism) da UFSM, participam de uma audi\u00eancia com a gest\u00e3o da universidade: reitora Martha Adaime e vice-reitor, Tiago Marchesan. A pauta do encontro vai tratar sobre a carreira EBTT<\/p>\n","protected":false},"author":7,"featured_media":7956,"comment_status":"open","ping_status":"open","sticky":false,"template":"","format":"standard","meta":{"footnotes":""},"categories":[45],"tags":[],"class_list":{"0":"post-7955","1":"post","2":"type-post","3":"status-publish","4":"format-standard","5":"has-post-thumbnail","7":"category-sindicato"},"_links":{"self":[{"href":"https:\/\/sinasefesm.com\/index.php\/wp-json\/wp\/v2\/posts\/7955","targetHints":{"allow":["GET"]}}],"collection":[{"href":"https:\/\/sinasefesm.com\/index.php\/wp-json\/wp\/v2\/posts"}],"about":[{"href":"https:\/\/sinasefesm.com\/index.php\/wp-json\/wp\/v2\/types\/post"}],"author":[{"embeddable":true,"href":"https:\/\/sinasefesm.com\/index.php\/wp-json\/wp\/v2\/users\/7"}],"replies":[{"embeddable":true,"href":"https:\/\/sinasefesm.com\/index.php\/wp-json\/wp\/v2\/comments?post=7955"}],"version-history":[{"count":1,"href":"https:\/\/sinasefesm.com\/index.php\/wp-json\/wp\/v2\/posts\/7955\/revisions"}],"predecessor-version":[{"id":7957,"href":"https:\/\/sinasefesm.com\/index.php\/wp-json\/wp\/v2\/posts\/7955\/revisions\/7957"}],"wp:featuredmedia":[{"embeddable":true,"href":"https:\/\/sinasefesm.com\/index.php\/wp-json\/wp\/v2\/media\/7956"}],"wp:attachment":[{"href":"https:\/\/sinasefesm.com\/index.php\/wp-json\/wp\/v2\/media?parent=7955"}],"wp:term":[{"taxonomy":"category","embeddable":true,"href":"https:\/\/sinasefesm.com\/index.php\/wp-json\/wp\/v2\/categories?post=7955"},{"taxonomy":"post_tag","embeddable":true,"href":"https:\/\/sinasefesm.com\/index.php\/wp-json\/wp\/v2\/tags?post=7955"}],"curies":[{"name":"wp","href":"https:\/\/api.w.org\/{rel}","templated":true}]}}