{"id":8035,"date":"2026-03-12T18:21:37","date_gmt":"2026-03-12T21:21:37","guid":{"rendered":"https:\/\/sinasefesm.com\/?p=8035"},"modified":"2026-03-12T18:21:38","modified_gmt":"2026-03-12T21:21:38","slug":"sindicatos-nacionais-trocam-informacoes-sobre-as-acoes-de-luta","status":"publish","type":"post","link":"https:\/\/sinasefesm.com\/index.php\/2026\/03\/12\/sindicatos-nacionais-trocam-informacoes-sobre-as-acoes-de-luta\/","title":{"rendered":"Sindicatos nacionais trocam informa\u00e7\u00f5es sobre as a\u00e7\u00f5es de luta"},"content":{"rendered":"\n<p>Na\u00a0<a href=\"https:\/\/sinasefe.org.br\/site\/comunicacao\/agenda\" target=\"_blank\" rel=\"noreferrer noopener\">tarde desta<\/a>\u00a0quinta-feira (12\/03) ocorreu a quinta reuni\u00e3o semanal de 2026 entre as entidades sindicais da Educa\u00e7\u00e3o Federal, com a participa\u00e7\u00e3o de representantes do Sinasefe, do\u00a0<a href=\"https:\/\/www.andes.org.br\/\" target=\"_blank\" rel=\"noreferrer noopener\">Andes-SN<\/a>\u00a0e da\u00a0<a href=\"https:\/\/fasubra.org.br\/\" target=\"_blank\" rel=\"noreferrer noopener\">Fasubra<\/a>. A reuni\u00e3o aconteceu de forma h\u00edbrida, com participantes\u00a0<em>online<\/em>\u00a0e presenciais na sede do Andes-SN, em Bras\u00edlia-DF.<\/p>\n\n\n\n<p>O objetivo desse encontro semanal,\u00a0<a href=\"https:\/\/sinasefe.org.br\/site\/entidades-da-educacao-federal-retomam-agenda-conjunta\" target=\"_blank\" rel=\"noreferrer noopener\">que \u00e9 regular desde fevereiro do ano passado<\/a>, al\u00e9m de fazer um repasse entre as tr\u00eas entidades do que cada uma est\u00e1 construindo e aprovando rotineiramente em seus f\u00f3runs, \u00e9 articular as lutas conjuntas que sejam poss\u00edveis.<\/p>\n\n\n\n<p>A pauta tratada nesta quinta tratou dos informes das tr\u00eas entidades. O Sinasefe contribuiu para o debate, dentre outros informes, com:<\/p>\n\n\n\n<ul class=\"wp-block-list\">\n<li>o\u00a0<a href=\"https:\/\/sinasefe.org.br\/site\/01-04-dia-nacional-de-paralisacao-pelo-cumprimento-dos-acordos-da-greve-2024\" target=\"_blank\" rel=\"noreferrer noopener\">Dia Nacional de Paralisa\u00e7\u00e3o de 1\u00ba de abril<\/a>, que tem como reivindica\u00e7\u00e3o o imediato cumprimento dos\u00a0<a href=\"https:\/\/sinasefe.org.br\/site\/sinasefe-assina-acordos-e-categoria-retoma-atividades-ate-03-07\" target=\"_blank\" rel=\"noreferrer noopener\">Termos de Acordo<\/a>\u00a0<a href=\"https:\/\/sinasefe.org.br\/site\/download\/termo-de-acordo-no-10-greve-2024-reestruturacao-do-pccmf-ebtt\" target=\"_blank\" rel=\"noreferrer noopener\">n\u00ba 10\/2024<\/a>\u00a0(para docentes) e\u00a0<a href=\"https:\/\/sinasefe.org.br\/site\/download\/termo-de-acordo-no-11-greve-2024-reestruturacao-do-pcctae\" target=\"_blank\" rel=\"noreferrer noopener\">n\u00ba 11\/2024<\/a>\u00a0(para t\u00e9cnico-administrativos),\u00a0<a href=\"https:\/\/sinasefe.org.br\/site\/sinasefe-assina-acordos-e-categoria-retoma-atividades-ate-03-07\" target=\"_blank\" rel=\"noreferrer noopener\">assinados<\/a>\u00a0na suspens\u00e3o da\u00a0<a href=\"https:\/\/sinasefe.org.br\/site\/greve-2024\" target=\"_blank\" rel=\"noreferrer noopener\">nossa \u00faltima greve<\/a>;<\/li>\n\n\n\n<li>a delibera\u00e7\u00e3o sobre a deflagra\u00e7\u00e3o de greve do SINASEFE para 2026, conforme\u00a0<a href=\"https:\/\/sinasefe.org.br\/consinasefe\/2025\/12\/14\/indicativo-de-greve-aprovado-pelo-37o-consinasefe\" target=\"_blank\" rel=\"noreferrer noopener\">indicativo aprovado no 37\u00ba<\/a>\u00a0<a href=\"https:\/\/sinasefe.org.br\/consinasefe\" target=\"_blank\" rel=\"noreferrer noopener\">CONSINASEFE<\/a>\u00a0e\u00a0<a href=\"https:\/\/sinasefe.org.br\/site\/207a-plena-resumo-do-2o-dia\" target=\"_blank\" rel=\"noreferrer noopener\">mantido pela 207\u00aa PLENA<\/a>, que ser\u00e1 votada na\u00a0<a href=\"https:\/\/sinasefe.org.br\/site\/208a-plena-sera-presencial-em-brasilia-df-de-17-a-19-04\" target=\"_blank\" rel=\"noreferrer noopener\">208\u00aa PLENA<\/a>\u00a0(a ocorrer de 17 a 19 de abril).<br><br><em>Fonte e imagem: Sinasefe nacional<\/em><\/li>\n<\/ul>\n","protected":false},"excerpt":{"rendered":"<p>Na\u00a0tarde desta\u00a0quinta-feira (12\/03) ocorreu a quinta reuni\u00e3o semanal de 2026 entre as entidades sindicais da Educa\u00e7\u00e3o Federal, com a participa\u00e7\u00e3o de representantes do Sinasefe, do\u00a0Andes-SN\u00a0e da\u00a0Fasubra. A reuni\u00e3o aconteceu de forma h\u00edbrida, com participantes\u00a0online\u00a0e presenciais na sede do Andes-SN, em Bras\u00edlia-DF. O objetivo desse encontro semanal,\u00a0que \u00e9 regular desde fevereiro do ano passado, al\u00e9m de<\/p>\n","protected":false},"author":7,"featured_media":8036,"comment_status":"open","ping_status":"open","sticky":false,"template":"","format":"standard","meta":{"footnotes":""},"categories":[45],"tags":[],"class_list":{"0":"post-8035","1":"post","2":"type-post","3":"status-publish","4":"format-standard","5":"has-post-thumbnail","7":"category-sindicato"},"_links":{"self":[{"href":"https:\/\/sinasefesm.com\/index.php\/wp-json\/wp\/v2\/posts\/8035","targetHints":{"allow":["GET"]}}],"collection":[{"href":"https:\/\/sinasefesm.com\/index.php\/wp-json\/wp\/v2\/posts"}],"about":[{"href":"https:\/\/sinasefesm.com\/index.php\/wp-json\/wp\/v2\/types\/post"}],"author":[{"embeddable":true,"href":"https:\/\/sinasefesm.com\/index.php\/wp-json\/wp\/v2\/users\/7"}],"replies":[{"embeddable":true,"href":"https:\/\/sinasefesm.com\/index.php\/wp-json\/wp\/v2\/comments?post=8035"}],"version-history":[{"count":1,"href":"https:\/\/sinasefesm.com\/index.php\/wp-json\/wp\/v2\/posts\/8035\/revisions"}],"predecessor-version":[{"id":8037,"href":"https:\/\/sinasefesm.com\/index.php\/wp-json\/wp\/v2\/posts\/8035\/revisions\/8037"}],"wp:featuredmedia":[{"embeddable":true,"href":"https:\/\/sinasefesm.com\/index.php\/wp-json\/wp\/v2\/media\/8036"}],"wp:attachment":[{"href":"https:\/\/sinasefesm.com\/index.php\/wp-json\/wp\/v2\/media?parent=8035"}],"wp:term":[{"taxonomy":"category","embeddable":true,"href":"https:\/\/sinasefesm.com\/index.php\/wp-json\/wp\/v2\/categories?post=8035"},{"taxonomy":"post_tag","embeddable":true,"href":"https:\/\/sinasefesm.com\/index.php\/wp-json\/wp\/v2\/tags?post=8035"}],"curies":[{"name":"wp","href":"https:\/\/api.w.org\/{rel}","templated":true}]}}