{"id":8039,"date":"2026-03-12T19:53:31","date_gmt":"2026-03-12T22:53:31","guid":{"rendered":"https:\/\/sinasefesm.com\/?p=8039"},"modified":"2026-03-12T19:56:46","modified_gmt":"2026-03-12T22:56:46","slug":"sinasefe-sm-convida-para-seminario-mulheres-direitos-trajetorias-e-transformacoes-sociais-no-dia-19-de-marco","status":"publish","type":"post","link":"https:\/\/sinasefesm.com\/index.php\/2026\/03\/12\/sinasefe-sm-convida-para-seminario-mulheres-direitos-trajetorias-e-transformacoes-sociais-no-dia-19-de-marco\/","title":{"rendered":"Sinasefe SM convida para semin\u00e1rio \u201cmulheres, direitos, trajet\u00f3rias e transforma\u00e7\u00f5es sociais\u201d no dia 19 de mar\u00e7o"},"content":{"rendered":"\n<p>Na pr\u00f3xima quinta, 19 de mar\u00e7o, a UFSM, atrav\u00e9s da Pr\u00f3-Reitoria de Extens\u00e3o, Coordenadoria de Cidadania e Observat\u00f3rio dos Direitos Humanos, em parceria com o Sinasefe Santa Maria, promove o semin\u00e1rio \u201cmulheres, direitos, trajet\u00f3rias e transforma\u00e7\u00f5es sociais\u201d.<\/p>\n\n\n\n<p>O evento, que tem como p\u00fablico-alvo mulheres, mas que tamb\u00e9m \u00e9 aberto \u00e0 participa\u00e7\u00e3o de homens, acontece no Audit\u00f3rio da Antiga Reitoria (rua Floriano Peixoto, n\u00ba 1184), centro de Santa Maria, no hor\u00e1rio das 8h30 \u00e0s 17h30.<\/p>\n\n\n\n<p>A abertura oficial acontece \u00e0s 8h30 e o Sinasefe SM ser\u00e1 representado por uma de suas coordenadoras-gerais, professora Cl\u00e1udia do Amaral.<\/p>\n\n\n\n<p>As mesas ser\u00e3o divididas pelos seguintes temas:<\/p>\n\n\n\n<p>9h- Mesa 1- \u201cVozes contra as opress\u00f5es\u201d;<\/p>\n\n\n\n<p>10h45- Mesa 2- \u201cMulheres negras e afetividade\u201d;<\/p>\n\n\n\n<p>13h30- Mesa 3- \u201cTecendo lideran\u00e7as\u201d;<\/p>\n\n\n\n<p>15h15- Mesa 4- \u201cMulheres trans e transforma\u00e7\u00f5es\u201d.<\/p>\n\n\n\n<p>O encerramento ocorre \u00e0s 17h30.<\/p>\n\n\n\n<figure class=\"wp-block-image size-large is-resized\"><img fetchpriority=\"high\" decoding=\"async\" width=\"724\" height=\"1024\" src=\"https:\/\/sinasefesm.com\/wp-content\/uploads\/2026\/03\/seminario-mulheres-UFSM-724x1024.jpeg\" alt=\"\" class=\"wp-image-8042\" style=\"width:407px;height:auto\" srcset=\"https:\/\/sinasefesm.com\/wp-content\/uploads\/2026\/03\/seminario-mulheres-UFSM-724x1024.jpeg 724w, https:\/\/sinasefesm.com\/wp-content\/uploads\/2026\/03\/seminario-mulheres-UFSM-212x300.jpeg 212w, https:\/\/sinasefesm.com\/wp-content\/uploads\/2026\/03\/seminario-mulheres-UFSM-768x1086.jpeg 768w, https:\/\/sinasefesm.com\/wp-content\/uploads\/2026\/03\/seminario-mulheres-UFSM-1086x1536.jpeg 1086w, https:\/\/sinasefesm.com\/wp-content\/uploads\/2026\/03\/seminario-mulheres-UFSM-150x212.jpeg 150w, https:\/\/sinasefesm.com\/wp-content\/uploads\/2026\/03\/seminario-mulheres-UFSM-450x637.jpeg 450w, https:\/\/sinasefesm.com\/wp-content\/uploads\/2026\/03\/seminario-mulheres-UFSM.jpeg 1131w\" sizes=\"(max-width: 724px) 100vw, 724px\" \/><\/figure>\n\n\n\n<p><strong>Palestrantes<\/strong><\/p>\n\n\n\n<p>As convidadas que participar\u00e3o das mesas do semin\u00e1rio s\u00e3o:<\/p>\n\n\n\n<p>D\u00e9bora Dias (delegada), Renata Quartiero (advogada), Jussara Beatris Alves (l\u00edder comunit\u00e1ria), Luiza Scheffer Barros (ativista), Margareta Vidal (catadora da Asmar), Bel\u00f4nia Alves da Silva (moradora da Nova Santa Maria, empreendedora), St\u00e9fani Brunhauser (ex-policial, possui forma\u00e7\u00e3o espec\u00edfica na \u00e1rea de preven\u00e7\u00e3o \u00e0 viol\u00eancia dom\u00e9stica), Cilene R\u00f3sse Soares de Moraes (mulher trans, assessora parlamentar) e Mauri de Abreu severo (mulher transexual e travesti, professora de educa\u00e7\u00e3o infantil da rede municipal).<\/p>\n\n\n\n<p><br><em>Texto: Fritz Rivail<\/em><\/p>\n\n\n\n<p><em>Imagem das artes: UFSM<\/em><\/p>\n","protected":false},"excerpt":{"rendered":"<p>Na pr\u00f3xima quinta, 19 de mar\u00e7o, a UFSM, atrav\u00e9s da Pr\u00f3-Reitoria de Extens\u00e3o, Coordenadoria de Cidadania e Observat\u00f3rio dos Direitos Humanos, em parceria com o Sinasefe Santa Maria, promove o semin\u00e1rio \u201cmulheres, direitos, trajet\u00f3rias e transforma\u00e7\u00f5es sociais\u201d. O evento, que tem como p\u00fablico-alvo mulheres, mas que tamb\u00e9m \u00e9 aberto \u00e0 participa\u00e7\u00e3o de homens, acontece no<\/p>\n","protected":false},"author":7,"featured_media":8040,"comment_status":"open","ping_status":"open","sticky":false,"template":"","format":"standard","meta":{"footnotes":""},"categories":[39],"tags":[],"class_list":{"0":"post-8039","1":"post","2":"type-post","3":"status-publish","4":"format-standard","5":"has-post-thumbnail","7":"category-eventos"},"_links":{"self":[{"href":"https:\/\/sinasefesm.com\/index.php\/wp-json\/wp\/v2\/posts\/8039","targetHints":{"allow":["GET"]}}],"collection":[{"href":"https:\/\/sinasefesm.com\/index.php\/wp-json\/wp\/v2\/posts"}],"about":[{"href":"https:\/\/sinasefesm.com\/index.php\/wp-json\/wp\/v2\/types\/post"}],"author":[{"embeddable":true,"href":"https:\/\/sinasefesm.com\/index.php\/wp-json\/wp\/v2\/users\/7"}],"replies":[{"embeddable":true,"href":"https:\/\/sinasefesm.com\/index.php\/wp-json\/wp\/v2\/comments?post=8039"}],"version-history":[{"count":2,"href":"https:\/\/sinasefesm.com\/index.php\/wp-json\/wp\/v2\/posts\/8039\/revisions"}],"predecessor-version":[{"id":8043,"href":"https:\/\/sinasefesm.com\/index.php\/wp-json\/wp\/v2\/posts\/8039\/revisions\/8043"}],"wp:featuredmedia":[{"embeddable":true,"href":"https:\/\/sinasefesm.com\/index.php\/wp-json\/wp\/v2\/media\/8040"}],"wp:attachment":[{"href":"https:\/\/sinasefesm.com\/index.php\/wp-json\/wp\/v2\/media?parent=8039"}],"wp:term":[{"taxonomy":"category","embeddable":true,"href":"https:\/\/sinasefesm.com\/index.php\/wp-json\/wp\/v2\/categories?post=8039"},{"taxonomy":"post_tag","embeddable":true,"href":"https:\/\/sinasefesm.com\/index.php\/wp-json\/wp\/v2\/tags?post=8039"}],"curies":[{"name":"wp","href":"https:\/\/api.w.org\/{rel}","templated":true}]}}