{"id":8044,"date":"2026-03-13T19:38:24","date_gmt":"2026-03-13T22:38:24","guid":{"rendered":"https:\/\/sinasefesm.com\/?p=8044"},"modified":"2026-03-13T19:38:25","modified_gmt":"2026-03-13T22:38:25","slug":"sindicato-defende-em-reuniao-com-reitoria-a-volta-imediata-da-coordenadoria-ebtt","status":"publish","type":"post","link":"https:\/\/sinasefesm.com\/index.php\/2026\/03\/13\/sindicato-defende-em-reuniao-com-reitoria-a-volta-imediata-da-coordenadoria-ebtt\/","title":{"rendered":"Sindicato defende em reuni\u00e3o com reitoria a volta imediata da Coordenadoria EBTT"},"content":{"rendered":"\n<p>Na tarde desta quinta, 12 de mar\u00e7o, ocorreu a primeira reuni\u00e3o do Grupo de Trabalho (GT) de Estudos sobre a Coordenadoria do Ensino B\u00e1sico, T\u00e9cnico e Tecnol\u00f3gico da UFSM, no gabinete da reitoria.<\/p>\n\n\n\n<p>Durante o encontro, do qual participaram representantes das escolas vinculadas, da Unidade Ip\u00ea Amarelo, da reitora e do vice-reitor, professora Martha Adaime e professor Tiago Marchesan, os diretores do Sinasefe Santa Maria, Cl\u00e1udia do Amaral, Ad\u00e3o Pillar Damasceno e Mariglei Maraschin, defenderam o reestabelecimento imediato da Coordenadoria, com a nomea\u00e7\u00e3o urgente de um representante da carreira EBTT (Ensino B\u00e1sico, T\u00e9cnico e Tecnol\u00f3gico).<\/p>\n\n\n\n<p>A pauta elencada para a reuni\u00e3o buscava apresentar os anseios das e dos participantes em rela\u00e7\u00e3o ao futuro da Coordenadoria, que hoje est\u00e1 sem funcionamento e sem nomea\u00e7\u00e3o de um coordenador\/a.<\/p>\n\n\n\n<p>Foram discutidas ainda compet\u00eancias e atividades a serem atribu\u00eddas ao trabalho na Coordenadoria, com a finalidade de otimizar as rotinas, &#8220;desafogar&#8221; as escolas e prestar assist\u00eancia, ampliando os encargos pedag\u00f3gicos e administrativos.<\/p>\n\n\n\n<p>O GT ainda n\u00e3o tem uma data estabelecida para nova reuni\u00e3o.<\/p>\n\n\n\n<p><em>Texto: Fritz Rivail<br>Foto: Arquivo pessoal<\/em><\/p>\n\n\n\n<p><\/p>\n","protected":false},"excerpt":{"rendered":"<p>Na tarde desta quinta, 12 de mar\u00e7o, ocorreu a primeira reuni\u00e3o do Grupo de Trabalho (GT) de Estudos sobre a Coordenadoria do Ensino B\u00e1sico, T\u00e9cnico e Tecnol\u00f3gico da UFSM, no gabinete da reitoria. Durante o encontro, do qual participaram representantes das escolas vinculadas, da Unidade Ip\u00ea Amarelo, da reitora e do vice-reitor, professora Martha Adaime<\/p>\n","protected":false},"author":7,"featured_media":8045,"comment_status":"open","ping_status":"open","sticky":false,"template":"","format":"standard","meta":{"footnotes":""},"categories":[42,45],"tags":[],"class_list":{"0":"post-8044","1":"post","2":"type-post","3":"status-publish","4":"format-standard","5":"has-post-thumbnail","7":"category-noticia","8":"category-sindicato"},"_links":{"self":[{"href":"https:\/\/sinasefesm.com\/index.php\/wp-json\/wp\/v2\/posts\/8044","targetHints":{"allow":["GET"]}}],"collection":[{"href":"https:\/\/sinasefesm.com\/index.php\/wp-json\/wp\/v2\/posts"}],"about":[{"href":"https:\/\/sinasefesm.com\/index.php\/wp-json\/wp\/v2\/types\/post"}],"author":[{"embeddable":true,"href":"https:\/\/sinasefesm.com\/index.php\/wp-json\/wp\/v2\/users\/7"}],"replies":[{"embeddable":true,"href":"https:\/\/sinasefesm.com\/index.php\/wp-json\/wp\/v2\/comments?post=8044"}],"version-history":[{"count":1,"href":"https:\/\/sinasefesm.com\/index.php\/wp-json\/wp\/v2\/posts\/8044\/revisions"}],"predecessor-version":[{"id":8046,"href":"https:\/\/sinasefesm.com\/index.php\/wp-json\/wp\/v2\/posts\/8044\/revisions\/8046"}],"wp:featuredmedia":[{"embeddable":true,"href":"https:\/\/sinasefesm.com\/index.php\/wp-json\/wp\/v2\/media\/8045"}],"wp:attachment":[{"href":"https:\/\/sinasefesm.com\/index.php\/wp-json\/wp\/v2\/media?parent=8044"}],"wp:term":[{"taxonomy":"category","embeddable":true,"href":"https:\/\/sinasefesm.com\/index.php\/wp-json\/wp\/v2\/categories?post=8044"},{"taxonomy":"post_tag","embeddable":true,"href":"https:\/\/sinasefesm.com\/index.php\/wp-json\/wp\/v2\/tags?post=8044"}],"curies":[{"name":"wp","href":"https:\/\/api.w.org\/{rel}","templated":true}]}}