{"id":8128,"date":"2026-04-26T17:13:50","date_gmt":"2026-04-26T20:13:50","guid":{"rendered":"https:\/\/sinasefesm.com\/?p=8128"},"modified":"2026-04-26T17:13:50","modified_gmt":"2026-04-26T20:13:50","slug":"assembleia-do-sinasefe-aprova-requerimento-a-reitoria-sobre-reativacao-da-cebtt","status":"publish","type":"post","link":"https:\/\/sinasefesm.com\/index.php\/2026\/04\/26\/assembleia-do-sinasefe-aprova-requerimento-a-reitoria-sobre-reativacao-da-cebtt\/","title":{"rendered":"Assembleia do Sinasefe aprova requerimento \u00e0 Reitoria sobre reativa\u00e7\u00e3o da CEBTT"},"content":{"rendered":"\n<p>Na tarde de sexta, 24 de abril, as e os participantes da assembleia convocada pelo Sinasefe SM analisaram e depois aprovaram o texto que faz parte do requerimento a ser encaminhado \u00e0 Reitoria da UFSM e que reivindica a reativa\u00e7\u00e3o da Coordenadoria do Ensino B\u00e1sico, T\u00e9cnico e Tecnol\u00f3gico (CEBTT) e ainda a nomea\u00e7\u00e3o de um\/a coordenador\/a, cumprindo as disposi\u00e7\u00f5es regimentais e legais. A data de entrega do documento ser\u00e1 definida nos pr\u00f3ximos dias.<\/p>\n\n\n\n<p>Durante a plen\u00e1ria, que ocorreu no Audit\u00f3rio do Col\u00e9gio Polit\u00e9cnico da UFSM, tamb\u00e9m foi aprovada uma mo\u00e7\u00e3o de apoio \u00e0 greve das e dos t\u00e9cnico-administrativos da UFSM, que est\u00e3o paralisados h\u00e1 mais de 60 dias. A mo\u00e7\u00e3o ser\u00e1 entregue ao sindicato da categoria (Assufsm) nesta ter\u00e7a, 28 de abril.<\/p>\n\n\n\n<p>&nbsp;<strong>Participa\u00e7\u00e3o em eventos<\/strong><\/p>\n\n\n\n<p>Ainda na assembleia da \u00faltima sexta-feira, foram escolhidos quem participa em dois eventos que ocorrer\u00e3o no m\u00eas de maio: semin\u00e1rio regional sul do Sinasefe, que acontece entre 14 e 15 de maio, no IF Catarinense, em Balne\u00e1rio Cambori\u00fa (SC); e o Semin\u00e1rio Nacional de Educa\u00e7\u00e3o, de 29 a 31 de maio, na Faculdade de Tecnologia (Fatec), em S\u00e3o Paulo (SP).<\/p>\n\n\n\n<figure class=\"wp-block-image size-large is-resized\"><img fetchpriority=\"high\" decoding=\"async\" width=\"1024\" height=\"768\" src=\"https:\/\/sinasefesm.com\/wp-content\/uploads\/2026\/04\/5-1024x768.jpeg\" alt=\"\" class=\"wp-image-8130\" style=\"width:483px;height:auto\" srcset=\"https:\/\/sinasefesm.com\/wp-content\/uploads\/2026\/04\/5-1024x768.jpeg 1024w, https:\/\/sinasefesm.com\/wp-content\/uploads\/2026\/04\/5-300x225.jpeg 300w, https:\/\/sinasefesm.com\/wp-content\/uploads\/2026\/04\/5-768x576.jpeg 768w, https:\/\/sinasefesm.com\/wp-content\/uploads\/2026\/04\/5-150x113.jpeg 150w, https:\/\/sinasefesm.com\/wp-content\/uploads\/2026\/04\/5-450x338.jpeg 450w, https:\/\/sinasefesm.com\/wp-content\/uploads\/2026\/04\/5-1200x900.jpeg 1200w, https:\/\/sinasefesm.com\/wp-content\/uploads\/2026\/04\/5.jpeg 1280w\" sizes=\"(max-width: 1024px) 100vw, 1024px\" \/><\/figure>\n\n\n\n<p>Para participar do semin\u00e1rio regional, foi escolhida Lidiane Barroso, que ocupa a Secretaria de Administra\u00e7\u00e3o do Sinasefe SM; e para o semin\u00e1rio nacional foram escolhidos Ad\u00e3o Pillar Damasceno (coordenador-geral), Cl\u00e1udia do Amaral (coordenadora-geral) e Miriane Fonseca (secret\u00e1ria de Comunica\u00e7\u00e3o, Forma\u00e7\u00e3o Pol\u00edtica e Sindical.<br><br><\/p>\n\n\n\n<p><em>Texto: Fritz Rivail<br>Fotos: Arquivo pessoal<\/em><\/p>\n","protected":false},"excerpt":{"rendered":"<p>Na tarde de sexta, 24 de abril, as e os participantes da assembleia convocada pelo Sinasefe SM analisaram e depois aprovaram o texto que faz parte do requerimento a ser encaminhado \u00e0 Reitoria da UFSM e que reivindica a reativa\u00e7\u00e3o da Coordenadoria do Ensino B\u00e1sico, T\u00e9cnico e Tecnol\u00f3gico (CEBTT) e ainda a nomea\u00e7\u00e3o de um\/a<\/p>\n","protected":false},"author":7,"featured_media":8129,"comment_status":"open","ping_status":"open","sticky":false,"template":"","format":"standard","meta":{"footnotes":""},"categories":[45],"tags":[],"class_list":{"0":"post-8128","1":"post","2":"type-post","3":"status-publish","4":"format-standard","5":"has-post-thumbnail","7":"category-sindicato"},"_links":{"self":[{"href":"https:\/\/sinasefesm.com\/index.php\/wp-json\/wp\/v2\/posts\/8128","targetHints":{"allow":["GET"]}}],"collection":[{"href":"https:\/\/sinasefesm.com\/index.php\/wp-json\/wp\/v2\/posts"}],"about":[{"href":"https:\/\/sinasefesm.com\/index.php\/wp-json\/wp\/v2\/types\/post"}],"author":[{"embeddable":true,"href":"https:\/\/sinasefesm.com\/index.php\/wp-json\/wp\/v2\/users\/7"}],"replies":[{"embeddable":true,"href":"https:\/\/sinasefesm.com\/index.php\/wp-json\/wp\/v2\/comments?post=8128"}],"version-history":[{"count":1,"href":"https:\/\/sinasefesm.com\/index.php\/wp-json\/wp\/v2\/posts\/8128\/revisions"}],"predecessor-version":[{"id":8131,"href":"https:\/\/sinasefesm.com\/index.php\/wp-json\/wp\/v2\/posts\/8128\/revisions\/8131"}],"wp:featuredmedia":[{"embeddable":true,"href":"https:\/\/sinasefesm.com\/index.php\/wp-json\/wp\/v2\/media\/8129"}],"wp:attachment":[{"href":"https:\/\/sinasefesm.com\/index.php\/wp-json\/wp\/v2\/media?parent=8128"}],"wp:term":[{"taxonomy":"category","embeddable":true,"href":"https:\/\/sinasefesm.com\/index.php\/wp-json\/wp\/v2\/categories?post=8128"},{"taxonomy":"post_tag","embeddable":true,"href":"https:\/\/sinasefesm.com\/index.php\/wp-json\/wp\/v2\/tags?post=8128"}],"curies":[{"name":"wp","href":"https:\/\/api.w.org\/{rel}","templated":true}]}}