{"id":8132,"date":"2026-04-27T14:34:10","date_gmt":"2026-04-27T17:34:10","guid":{"rendered":"https:\/\/sinasefesm.com\/?p=8132"},"modified":"2026-04-27T14:34:10","modified_gmt":"2026-04-27T17:34:10","slug":"sindicato-aprova-mocao-de-apoio-a-greve-dos-taes-da-assufsm","status":"publish","type":"post","link":"https:\/\/sinasefesm.com\/index.php\/2026\/04\/27\/sindicato-aprova-mocao-de-apoio-a-greve-dos-taes-da-assufsm\/","title":{"rendered":"Sindicato aprova mo\u00e7\u00e3o de apoio \u00e0 greve dos TAEs da Assufsm"},"content":{"rendered":"\n<p>Na assembleia convocada pelo Sinasefe SM na \u00faltima sexta, 24 de abril, as e os participantes aprovaram uma mo\u00e7\u00e3o de apoio \u00e0 greve das e dos t\u00e9cnico-administrativos da base da Assufsm, paralisados h\u00e1 mais de 60 dias.&nbsp;<\/p>\n\n\n\n<p>No texto da mo\u00e7\u00e3o, que reproduzimos abaixo, o Sinasefe SM diz:<\/p>\n\n\n\n<p><strong>\u201c<\/strong>Reconhecemos a legitimidade das reivindica\u00e7\u00f5es apresentadas pela categoria, que luta por valoriza\u00e7\u00e3o profissional, condi\u00e7\u00f5es de trabalho e pelo fortalecimento dos servi\u00e7os p\u00fablicos, na luta pela efetiva\u00e7\u00e3o do acordo de greve estabelecido em 2024. Trata-se de uma mobiliza\u00e7\u00e3o justa, que expressa o compromisso dos trabalhadores e trabalhadoras com a defesa da educa\u00e7\u00e3o p\u00fablica, gratuita, de qualidade e socialmente referenciada.\u201d<\/p>\n\n\n\n<p>O documento aprovado ser\u00e1 entregue ao Comando de Greve da Assufsm em atividade chamada por esse sindicato nesta ter\u00e7a (28) pela manh\u00e3, no pr\u00e9dio da Reitoria da UFSM. Confira abaixo a \u00edntegra da mo\u00e7\u00e3o:<\/p>\n\n\n\n<p><strong>\u201cMO\u00c7\u00c3O DE APOIO DO SINASEFE SANTA MARIA \u00c0 GREVE DOS SERVIDORES T\u00c9CNICO-ADMINISTRATIVOS DA UFSM<\/strong><\/p>\n\n\n\n<p>O Sindicato Nacional dos Servidores Federais da Educa\u00e7\u00e3o B\u00e1sica, Profissional e Tecnol\u00f3gica \u2013 Se\u00e7\u00e3o Sindical de Santa Maria (SINASEFE Santa Maria), por meio desta mo\u00e7\u00e3o, vem a p\u00fablico manifestar seu total apoio \u00e0 greve deflagrada pelos servidores t\u00e9cnico-administrativos em educa\u00e7\u00e3o representados pela ASSUFSM \u2013 Associa\u00e7\u00e3o dos Servidores Federais da Universidade Federal de Santa Maria.<\/p>\n\n\n\n<p>Reconhecemos a legitimidade das reivindica\u00e7\u00f5es apresentadas pela categoria, que luta por valoriza\u00e7\u00e3o profissional, condi\u00e7\u00f5es de trabalho e pelo fortalecimento dos servi\u00e7os p\u00fablicos, na luta pela efetiva\u00e7\u00e3o do acordo de greve estabelecido em 2024. Trata-se de uma mobiliza\u00e7\u00e3o justa, que expressa o compromisso dos trabalhadores e trabalhadoras com a defesa da educa\u00e7\u00e3o p\u00fablica, gratuita, de qualidade e socialmente referenciada.<\/p>\n\n\n\n<p>O SINASEFE Santa Maria reafirma que a unidade entre os trabalhadores da educa\u00e7\u00e3o \u00e9 fundamental para enfrentar os desafios impostos ao servi\u00e7o p\u00fablico, especialmente diante de pol\u00edticas que fragilizam direitos historicamente conquistados. Nesse sentido, solidarizamo-nos com a luta dos t\u00e9cnico-administrativos e destacamos a import\u00e2ncia da mobiliza\u00e7\u00e3o coletiva como instrumento leg\u00edtimo de reivindica\u00e7\u00e3o.<\/p>\n\n\n\n<p>Colocamo-nos ao lado da ASSUFSM na constru\u00e7\u00e3o de a\u00e7\u00f5es conjuntas que fortale\u00e7am o movimento grevista e ampliem o di\u00e1logo com a sociedade, evidenciando a import\u00e2ncia do trabalho desempenhado pelos servidores p\u00fablicos para o funcionamento das institui\u00e7\u00f5es de ensino.<\/p>\n\n\n\n<p>Reiteramos nosso compromisso com a defesa intransigente dos direitos dos trabalhadores e trabalhadoras da educa\u00e7\u00e3o e nos somamos \u00e0 luta por um servi\u00e7o p\u00fablico fortalecido, valorizado e comprometido com a transforma\u00e7\u00e3o social.<\/p>\n\n\n\n<p>Santa Maria, 24 de abril de 2026.<\/p>\n\n\n\n<p><strong>SINASEFE Santa Maria\u201d.<\/strong><\/p>\n\n\n\n<p><em>Texto: Fritz Rivail<br>Foto: Arquivo pessoal<\/em><\/p>\n","protected":false},"excerpt":{"rendered":"<p>Na assembleia convocada pelo Sinasefe SM na \u00faltima sexta, 24 de abril, as e os participantes aprovaram uma mo\u00e7\u00e3o de apoio \u00e0 greve das e dos t\u00e9cnico-administrativos da base da Assufsm, paralisados h\u00e1 mais de 60 dias.&nbsp; No texto da mo\u00e7\u00e3o, que reproduzimos abaixo, o Sinasefe SM diz: \u201cReconhecemos a legitimidade das reivindica\u00e7\u00f5es apresentadas pela<\/p>\n","protected":false},"author":7,"featured_media":8133,"comment_status":"open","ping_status":"open","sticky":false,"template":"","format":"standard","meta":{"footnotes":""},"categories":[42],"tags":[],"class_list":{"0":"post-8132","1":"post","2":"type-post","3":"status-publish","4":"format-standard","5":"has-post-thumbnail","7":"category-noticia"},"_links":{"self":[{"href":"https:\/\/sinasefesm.com\/index.php\/wp-json\/wp\/v2\/posts\/8132","targetHints":{"allow":["GET"]}}],"collection":[{"href":"https:\/\/sinasefesm.com\/index.php\/wp-json\/wp\/v2\/posts"}],"about":[{"href":"https:\/\/sinasefesm.com\/index.php\/wp-json\/wp\/v2\/types\/post"}],"author":[{"embeddable":true,"href":"https:\/\/sinasefesm.com\/index.php\/wp-json\/wp\/v2\/users\/7"}],"replies":[{"embeddable":true,"href":"https:\/\/sinasefesm.com\/index.php\/wp-json\/wp\/v2\/comments?post=8132"}],"version-history":[{"count":1,"href":"https:\/\/sinasefesm.com\/index.php\/wp-json\/wp\/v2\/posts\/8132\/revisions"}],"predecessor-version":[{"id":8134,"href":"https:\/\/sinasefesm.com\/index.php\/wp-json\/wp\/v2\/posts\/8132\/revisions\/8134"}],"wp:featuredmedia":[{"embeddable":true,"href":"https:\/\/sinasefesm.com\/index.php\/wp-json\/wp\/v2\/media\/8133"}],"wp:attachment":[{"href":"https:\/\/sinasefesm.com\/index.php\/wp-json\/wp\/v2\/media?parent=8132"}],"wp:term":[{"taxonomy":"category","embeddable":true,"href":"https:\/\/sinasefesm.com\/index.php\/wp-json\/wp\/v2\/categories?post=8132"},{"taxonomy":"post_tag","embeddable":true,"href":"https:\/\/sinasefesm.com\/index.php\/wp-json\/wp\/v2\/tags?post=8132"}],"curies":[{"name":"wp","href":"https:\/\/api.w.org\/{rel}","templated":true}]}}