{"id":8136,"date":"2026-04-29T16:26:36","date_gmt":"2026-04-29T19:26:36","guid":{"rendered":"https:\/\/sinasefesm.com\/?p=8136"},"modified":"2026-04-29T16:30:33","modified_gmt":"2026-04-29T19:30:33","slug":"terca-28-de-abril-foi-dia-de-reunioes-com-a-setec-e-da-mesa-de-negociacao-permanente","status":"publish","type":"post","link":"https:\/\/sinasefesm.com\/index.php\/2026\/04\/29\/terca-28-de-abril-foi-dia-de-reunioes-com-a-setec-e-da-mesa-de-negociacao-permanente\/","title":{"rendered":"Ter\u00e7a, 28 de abril, foi dia de reuni\u00f5es: com a Setec e da Mesa de Negocia\u00e7\u00e3o Permanente"},"content":{"rendered":"\n<p>A manh\u00e3 de ter\u00e7a, 28 de abril, foi de reuni\u00f5es importantes em Bras\u00edlia. Uma delas, da Mesa Nacional de Negocia\u00e7\u00e3o Permanente (MNNP), da qual o Sinasefe faz parte, e a outra, do Sinasefe com a Secretaria de Educa\u00e7\u00e3o Profissional e Tecnol\u00f3gica (Setec), \u00f3rg\u00e3o vinculado ao Minist\u00e9rio da Educa\u00e7\u00e3o.<\/p>\n\n\n\n<p>No caso da MNNP, a agenda foi realizada no \u00e2mbito do Minist\u00e9rio da Educa\u00e7\u00e3o (MEC) e debateu a democratiza\u00e7\u00e3o das Institui\u00e7\u00e3o Federais de Ensino (IFES), considerando as inova\u00e7\u00f5es da&nbsp;<a href=\"https:\/\/www2.camara.leg.br\/legin\/fed\/lei\/2026\/lei-15367-30-marco-2026-798892-publicacaooriginal-178682-pl.html\" target=\"_blank\" rel=\"noreferrer noopener\">Lei n\u00ba 15.367\/2026<\/a>.<\/p>\n\n\n\n<p>O sindicato nacional esteve representado no espa\u00e7o por Alice Pereira (secret\u00e1ria-adjunta de pol\u00edticas educacionais e culturais) e Priscila Ferrari (secret\u00e1ria de pol\u00edticas educacionais e culturais).<\/p>\n\n\n\n<p>Para Alice, houve avan\u00e7o no debate sobre democratiza\u00e7\u00e3o nas institui\u00e7\u00f5es federais com a ideia da cria\u00e7\u00e3o de um GT sobre o assunto.&nbsp;<em>\u201cNo entanto, n\u00e3o houve acordo sobre a&nbsp;<a href=\"https:\/\/sinasefe.org.br\/site\/mesa-setorial-debate-legislacao-de-insalubridade\/\" target=\"_blank\" rel=\"noreferrer noopener\">quest\u00e3o da insalubridade e periculosidade<\/a>&nbsp;em vista da recusa do Comit\u00ea de Sa\u00fade do Servidor, no \u00e2mbito do MGI, em dialogar com a mesa. Apesar disso, retomaremos o assunto numa nova reuni\u00e3o extraordin\u00e1ria\u201d<\/em>, explicou a dirigente.<\/p>\n\n\n\n<p>Desde a sua implementa\u00e7\u00e3o, em abril de 2024, a Mesa Setorial de Negocia\u00e7\u00e3o Permanente se reuniu nove vezes, dentre reuni\u00f5es ordin\u00e1rias e extraordin\u00e1rias, mas ainda sem avan\u00e7os consolidados.<\/p>\n\n\n\n<figure class=\"wp-block-image size-large is-resized\"><img fetchpriority=\"high\" decoding=\"async\" width=\"1024\" height=\"768\" src=\"https:\/\/sinasefesm.com\/wp-content\/uploads\/2026\/04\/Reuniao-MNNP-2-1024x768.jpeg\" alt=\"\" class=\"wp-image-8138\" style=\"width:505px;height:auto\" srcset=\"https:\/\/sinasefesm.com\/wp-content\/uploads\/2026\/04\/Reuniao-MNNP-2-1024x768.jpeg 1024w, https:\/\/sinasefesm.com\/wp-content\/uploads\/2026\/04\/Reuniao-MNNP-2-300x225.jpeg 300w, https:\/\/sinasefesm.com\/wp-content\/uploads\/2026\/04\/Reuniao-MNNP-2-768x576.jpeg 768w, https:\/\/sinasefesm.com\/wp-content\/uploads\/2026\/04\/Reuniao-MNNP-2-1536x1152.jpeg 1536w, https:\/\/sinasefesm.com\/wp-content\/uploads\/2026\/04\/Reuniao-MNNP-2-150x113.jpeg 150w, https:\/\/sinasefesm.com\/wp-content\/uploads\/2026\/04\/Reuniao-MNNP-2-450x338.jpeg 450w, https:\/\/sinasefesm.com\/wp-content\/uploads\/2026\/04\/Reuniao-MNNP-2-1200x900.jpeg 1200w, https:\/\/sinasefesm.com\/wp-content\/uploads\/2026\/04\/Reuniao-MNNP-2.jpeg 1600w\" sizes=\"(max-width: 1024px) 100vw, 1024px\" \/><\/figure>\n\n\n\n<p>As reuni\u00f5es ocorreram em&nbsp;<a href=\"https:\/\/sinasefe.org.br\/site\/informe-das-mesas-de-negociacao-com-o-governo-federal\" target=\"_blank\" rel=\"noreferrer noopener\">11\/04\/2024<\/a>,&nbsp;<a href=\"https:\/\/sinasefe.org.br\/site\/download\/informe-da-coordenacao-de-politicas-educacionais-e-culturais-sobre-a-mesa-setorial-de-negociacao-permanente-com-o-ministerio-da-educacao\/\" target=\"_blank\" rel=\"noreferrer noopener\">13\/05\/2024<\/a>,&nbsp;<a href=\"https:\/\/sinasefe.org.br\/site\/sinasefe-participou-de-reuniao-de-mesa-setorial-com-o-mec-em-07-06\" target=\"_blank\" rel=\"noreferrer noopener\">07\/06\/2024<\/a>,&nbsp;<a href=\"https:\/\/sinasefe.org.br\/site\/reuniao-da-mesa-setorial-de-negociacao-adiciona-propostas-para-analise-da-categoria\" target=\"_blank\" rel=\"noreferrer noopener\">14\/06\/2024<\/a>,&nbsp;<a href=\"https:\/\/sinasefe.org.br\/site\/mesa-setorial-de-negociacao-permanente-debate-e-finaliza-regimento-interno\" target=\"_blank\" rel=\"noreferrer noopener\">28\/11\/2024<\/a>,&nbsp;<a href=\"https:\/\/sinasefe.org.br\/site\/informe-da-reuniao-da-mesa-setorial-de-negociacao-permanente-de-12-05\" target=\"_blank\" rel=\"noreferrer noopener\">12\/05\/2025<\/a>,&nbsp;<a href=\"https:\/\/sinasefe.org.br\/site\/mec-promete-respostas-sobre-pendencias-da-greve-ate-1o-de-agosto\/\" target=\"_blank\" rel=\"noreferrer noopener\">29\/07\/2025<\/a>,&nbsp;<a href=\"https:\/\/sinasefe.org.br\/site\/mesa-setorial-debate-legislacao-de-insalubridade\/\" target=\"_blank\" rel=\"noreferrer noopener\">10\/03\/2026<\/a>&nbsp;e 28\/04\/2026.<\/p>\n\n\n\n<p>Importante salientar que a Mesa Setorial de Negocia\u00e7\u00e3o Permanente faz parte do&nbsp;<a href=\"https:\/\/sinasefe.org.br\/site\/negociacoes-sindicato-assina-protocolo-de-funcionamento-de-negociacoes-com-governo-federal\" target=\"_blank\" rel=\"noreferrer noopener\">sistema de negocia\u00e7\u00e3o<\/a>&nbsp;estabelecido pelo Minist\u00e9rio da Gest\u00e3o e da Inova\u00e7\u00e3o em Servi\u00e7os P\u00fablicos (MGI) na&nbsp;<a href=\"https:\/\/sinasefe.org.br\/site\/negociacoes-sindicato-assina-protocolo-de-funcionamento-de-negociacoes-com-governo-federal\" target=\"_blank\" rel=\"noreferrer noopener\">Mesa Nacional de Negocia\u00e7\u00e3o Permanente<\/a>, que se divide em tr\u00eas segmentos:<\/p>\n\n\n\n<ul class=\"wp-block-list\">\n<li><strong>Mesa Central<\/strong>&nbsp;\u2013 que debate quest\u00f5es com impacto or\u00e7ament\u00e1rio, no \u00e2mbito de todo o servi\u00e7o p\u00fablico federal;<\/li>\n\n\n\n<li><strong>Mesa Tempor\u00e1ria e Espec\u00edfica<\/strong>&nbsp;\u2013 que debate quest\u00f5es com impacto or\u00e7ament\u00e1rio, no \u00e2mbito de cada carreira do servi\u00e7o p\u00fablico federal de forma separada;<\/li>\n\n\n\n<li><strong>Mesa Setorial<\/strong>&nbsp;\u2013 que debate quest\u00f5es de cada categoria, no \u00e2mbito de cada minist\u00e9rio, que n\u00e3o possuam impacto or\u00e7ament\u00e1rio.<\/li>\n<\/ul>\n\n\n\n<p><strong>Agenda com a Setec<\/strong><\/p>\n\n\n\n<p>Tamb\u00e9m na manh\u00e3 de ter\u00e7a-feira (28\/04) o Sinasefe se reuniu com integrantes da Secretaria de Educa\u00e7\u00e3o Profissional e Tecnol\u00f3gica (Setec\/MEC). O sindicato solicitou tratar de cinco itens nesta reuni\u00e3o:<\/p>\n\n\n\n<p>1. Forma\u00e7\u00e3o do comit\u00ea tripartite de avalia\u00e7\u00e3o da EPT (Decreto n\u00b0 12603\/2025);<\/p>\n\n\n\n<p>2. Questionamento sobre a linha da Setec\/MEC voltada apenas para inova\u00e7\u00e3o e empreendedorismo;<\/p>\n\n\n\n<p>3. Regulamenta\u00e7\u00e3o do RSC-TAE;<\/p>\n\n\n\n<p>4. Interven\u00e7\u00e3o junto ao CNE para revis\u00e3o das DCN;<\/p>\n\n\n\n<p>5. Terceiriza\u00e7\u00e3o.<\/p>\n\n\n\n<p>Representaram o Sinasefe nesta atividade: Fl\u00e1via C\u00e2ndida (coordenadora geral) e Ana Colvara (secret\u00e1ria-adjunta de inclus\u00e3o e acessibilidade). Pelo MEC participam: Juliana Souza de Andrade e Katson Roger (da Diretoria de Regula\u00e7\u00e3o e Supervis\u00e3o da EPT).<\/p>\n\n\n\n<figure class=\"wp-block-image size-large is-resized\"><img decoding=\"async\" width=\"1024\" height=\"768\" src=\"https:\/\/sinasefesm.com\/wp-content\/uploads\/2026\/04\/Reuniao-Sinasefe-Setec-2-28.04-1024x768.jpeg\" alt=\"\" class=\"wp-image-8139\" style=\"width:575px;height:auto\" srcset=\"https:\/\/sinasefesm.com\/wp-content\/uploads\/2026\/04\/Reuniao-Sinasefe-Setec-2-28.04-1024x768.jpeg 1024w, https:\/\/sinasefesm.com\/wp-content\/uploads\/2026\/04\/Reuniao-Sinasefe-Setec-2-28.04-300x225.jpeg 300w, https:\/\/sinasefesm.com\/wp-content\/uploads\/2026\/04\/Reuniao-Sinasefe-Setec-2-28.04-768x576.jpeg 768w, https:\/\/sinasefesm.com\/wp-content\/uploads\/2026\/04\/Reuniao-Sinasefe-Setec-2-28.04-1536x1152.jpeg 1536w, https:\/\/sinasefesm.com\/wp-content\/uploads\/2026\/04\/Reuniao-Sinasefe-Setec-2-28.04-150x113.jpeg 150w, https:\/\/sinasefesm.com\/wp-content\/uploads\/2026\/04\/Reuniao-Sinasefe-Setec-2-28.04-450x338.jpeg 450w, https:\/\/sinasefesm.com\/wp-content\/uploads\/2026\/04\/Reuniao-Sinasefe-Setec-2-28.04-1200x900.jpeg 1200w, https:\/\/sinasefesm.com\/wp-content\/uploads\/2026\/04\/Reuniao-Sinasefe-Setec-2-28.04.jpeg 1600w\" sizes=\"(max-width: 1024px) 100vw, 1024px\" \/><\/figure>\n\n\n\n<p>\u201c<em>Apesar de n\u00e3o termos sido recebidas pelo Secret\u00e1rio de Educa\u00e7\u00e3o Profissional e Tecnol\u00f3gica, Sr. Bregagnoli, fomos atendidas pela diretora Juliana, da Diretoria de Regula\u00e7\u00e3o e Supervis\u00e3o da Educa\u00e7\u00e3o Profissional e Tecnol\u00f3gica. Refor\u00e7amos, entre outros pontos, a import\u00e2ncia da regulamenta\u00e7\u00e3o do RSC-TAE e a necessidade do MEC orientar os Consups para garantir em a representa\u00e7\u00e3o sindical dos t\u00e9cnico-administrativos na composi\u00e7\u00e3o das comiss\u00f5es respons\u00e1veis pelo RSC\u201d&nbsp;<\/em>comentou Ana Colvara.<\/p>\n\n\n\n<p>A coordenadora-geral do Sinasefe, Fl\u00e1via C\u00e2ndida, explicou que a reuni\u00e3o com a Setec\/MEC ocorreu sem encaminhamentos concretos.&nbsp;<em>\u201cFomos recebidas por uma representante que ouviu nossas demandas, mas que n\u00e3o tinha possibilidade de avan\u00e7ar nas pautas apresentadas, e apenas se comprometeu a levar nossas reivindica\u00e7\u00f5es ao secret\u00e1rio. Infelizmente n\u00e3o \u00e9 a primeira vez que isso acontece em uma reuni\u00e3o do SINASEFE com a Setec\/MEC e evidencia o descaso desta secretaria com o sindicato e sua base\u201d<\/em>, ressaltou Fl\u00e1via<\/p>\n\n\n\n<p><br><em>Edi\u00e7\u00e3o de Texto: Fritz Rivail<br>Fotos: Sinasefe Nacional<\/em><\/p>\n","protected":false},"excerpt":{"rendered":"<p>A manh\u00e3 de ter\u00e7a, 28 de abril, foi de reuni\u00f5es importantes em Bras\u00edlia. Uma delas, da Mesa Nacional de Negocia\u00e7\u00e3o Permanente (MNNP), da qual o Sinasefe faz parte, e a outra, do Sinasefe com a Secretaria de Educa\u00e7\u00e3o Profissional e Tecnol\u00f3gica (Setec), \u00f3rg\u00e3o vinculado ao Minist\u00e9rio da Educa\u00e7\u00e3o. No caso da MNNP, a agenda foi<\/p>\n","protected":false},"author":7,"featured_media":8137,"comment_status":"open","ping_status":"open","sticky":false,"template":"","format":"standard","meta":{"footnotes":""},"categories":[42],"tags":[],"class_list":{"0":"post-8136","1":"post","2":"type-post","3":"status-publish","4":"format-standard","5":"has-post-thumbnail","7":"category-noticia"},"_links":{"self":[{"href":"https:\/\/sinasefesm.com\/index.php\/wp-json\/wp\/v2\/posts\/8136","targetHints":{"allow":["GET"]}}],"collection":[{"href":"https:\/\/sinasefesm.com\/index.php\/wp-json\/wp\/v2\/posts"}],"about":[{"href":"https:\/\/sinasefesm.com\/index.php\/wp-json\/wp\/v2\/types\/post"}],"author":[{"embeddable":true,"href":"https:\/\/sinasefesm.com\/index.php\/wp-json\/wp\/v2\/users\/7"}],"replies":[{"embeddable":true,"href":"https:\/\/sinasefesm.com\/index.php\/wp-json\/wp\/v2\/comments?post=8136"}],"version-history":[{"count":2,"href":"https:\/\/sinasefesm.com\/index.php\/wp-json\/wp\/v2\/posts\/8136\/revisions"}],"predecessor-version":[{"id":8141,"href":"https:\/\/sinasefesm.com\/index.php\/wp-json\/wp\/v2\/posts\/8136\/revisions\/8141"}],"wp:featuredmedia":[{"embeddable":true,"href":"https:\/\/sinasefesm.com\/index.php\/wp-json\/wp\/v2\/media\/8137"}],"wp:attachment":[{"href":"https:\/\/sinasefesm.com\/index.php\/wp-json\/wp\/v2\/media?parent=8136"}],"wp:term":[{"taxonomy":"category","embeddable":true,"href":"https:\/\/sinasefesm.com\/index.php\/wp-json\/wp\/v2\/categories?post=8136"},{"taxonomy":"post_tag","embeddable":true,"href":"https:\/\/sinasefesm.com\/index.php\/wp-json\/wp\/v2\/tags?post=8136"}],"curies":[{"name":"wp","href":"https:\/\/api.w.org\/{rel}","templated":true}]}}