{"id":8143,"date":"2026-04-29T17:15:02","date_gmt":"2026-04-29T20:15:02","guid":{"rendered":"https:\/\/sinasefesm.com\/?p=8143"},"modified":"2026-04-29T17:15:25","modified_gmt":"2026-04-29T20:15:25","slug":"sinasefe-sm-participa-de-mobilizacao-da-assufsm-e-entrega-mocao-de-apoio-a-greve-dos-taes","status":"publish","type":"post","link":"https:\/\/sinasefesm.com\/index.php\/2026\/04\/29\/sinasefe-sm-participa-de-mobilizacao-da-assufsm-e-entrega-mocao-de-apoio-a-greve-dos-taes\/","title":{"rendered":"Sinasefe SM participa de mobiliza\u00e7\u00e3o da Assufsm e entrega mo\u00e7\u00e3o de apoio \u00e0 greve dos TAEs"},"content":{"rendered":"\n<p>Na manh\u00e3 de ter\u00e7a, 28 de abril, a coordenadora-geral do Sinasefe SM, Cl\u00e1udia do Amaral, e a Secret\u00e1ria de Comunica\u00e7\u00e3o, Forma\u00e7\u00e3o Pol\u00edtica e Sindical da entidade, Miriane Fonseca, participaram da atividade de mobiliza\u00e7\u00e3o do sindicato dos t\u00e9cnicos e t\u00e9cnicas da UFSM (Assufsm), que ocorreu no hall da reitoria da UFSM.<\/p>\n\n\n\n<p>J\u00e1 no in\u00edcio da reuni\u00e3o, foi destinado um espa\u00e7o para a leitura da mo\u00e7\u00e3o de apoio do Sinasefe Santa Maria \u00e0 greve da categoria, aprovada na <a href=\"https:\/\/sinasefesm.com\/index.php\/2026\/04\/27\/sindicato-aprova-mocao-de-apoio-a-greve-dos-taes-da-assufsm\/\"><strong>assembleia<\/strong> <\/a>ocorrida na sexta, 24 de abril.<\/p>\n\n\n\n<p>A coordenadora do Sinasefe SM, Cl\u00e1udia do Amaral, fez uma breve manifesta\u00e7\u00e3o sobre a import\u00e2ncia da uni\u00e3o dos sindicatos e do apoio m\u00fatuo, e tamb\u00e9m do necess\u00e1rio fortalecimento de uma frente das entidades que t\u00eam muitas pautas comuns.&nbsp;<\/p>\n\n\n\n<figure class=\"wp-block-image size-large is-resized\"><img fetchpriority=\"high\" decoding=\"async\" width=\"1024\" height=\"683\" src=\"https:\/\/sinasefesm.com\/wp-content\/uploads\/2026\/04\/5-foto-Claudia-1024x683.jpeg\" alt=\"\" class=\"wp-image-8145\" style=\"width:415px;height:auto\" srcset=\"https:\/\/sinasefesm.com\/wp-content\/uploads\/2026\/04\/5-foto-Claudia-1024x683.jpeg 1024w, https:\/\/sinasefesm.com\/wp-content\/uploads\/2026\/04\/5-foto-Claudia-300x200.jpeg 300w, https:\/\/sinasefesm.com\/wp-content\/uploads\/2026\/04\/5-foto-Claudia-768x512.jpeg 768w, https:\/\/sinasefesm.com\/wp-content\/uploads\/2026\/04\/5-foto-Claudia-1536x1024.jpeg 1536w, https:\/\/sinasefesm.com\/wp-content\/uploads\/2026\/04\/5-foto-Claudia-150x100.jpeg 150w, https:\/\/sinasefesm.com\/wp-content\/uploads\/2026\/04\/5-foto-Claudia-450x300.jpeg 450w, https:\/\/sinasefesm.com\/wp-content\/uploads\/2026\/04\/5-foto-Claudia-1200x800.jpeg 1200w, https:\/\/sinasefesm.com\/wp-content\/uploads\/2026\/04\/5-foto-Claudia.jpeg 2048w\" sizes=\"(max-width: 1024px) 100vw, 1024px\" \/><\/figure>\n\n\n\n<p>Al\u00e9m disso, ela destacou quest\u00f5es relativas \u00e0s demandas de docentes EBTTs da UFSM, como por exemplo, a suspens\u00e3o de cobran\u00e7a do ponto eletr\u00f4nico, acertado no acordo de greve de 2024, mas que ainda n\u00e3o foi cumprido pelo governo federal.<\/p>\n\n\n\n<p>A diretora da se\u00e7\u00e3o sindical do Sinasefe ainda lembrou da atitude arbitr\u00e1ria da Reitoria da UFSM no momento em que n\u00e3o nomeou um\/a Coordenador\/a para Coordenadoria (CEBTT), o que causou a desativa\u00e7\u00e3o desse \u201cimportante e leg\u00edtimo espa\u00e7o das escolas vinculadas \u00e0 UFSM\u201d, o que tamb\u00e9m foi enfatizado na fala de Miriane Fonseca.<\/p>\n\n\n\n<p>As dirigentes do Sinasefe SM tamb\u00e9m aproveitaram para distribuir o panfleto que destaca e critica o fim da CEBTT e convidaram os TAEs a se envolverem em mais essa frente de luta.<\/p>\n\n\n\n<figure class=\"wp-block-image size-large is-resized\"><img decoding=\"async\" width=\"1024\" height=\"682\" src=\"https:\/\/sinasefesm.com\/wp-content\/uploads\/2026\/04\/9-foto-Claudia-fala-1024x682.jpeg\" alt=\"\" class=\"wp-image-8146\" style=\"width:488px;height:auto\" srcset=\"https:\/\/sinasefesm.com\/wp-content\/uploads\/2026\/04\/9-foto-Claudia-fala-1024x682.jpeg 1024w, https:\/\/sinasefesm.com\/wp-content\/uploads\/2026\/04\/9-foto-Claudia-fala-300x200.jpeg 300w, https:\/\/sinasefesm.com\/wp-content\/uploads\/2026\/04\/9-foto-Claudia-fala-768x512.jpeg 768w, https:\/\/sinasefesm.com\/wp-content\/uploads\/2026\/04\/9-foto-Claudia-fala-1536x1023.jpeg 1536w, https:\/\/sinasefesm.com\/wp-content\/uploads\/2026\/04\/9-foto-Claudia-fala-150x100.jpeg 150w, https:\/\/sinasefesm.com\/wp-content\/uploads\/2026\/04\/9-foto-Claudia-fala-450x300.jpeg 450w, https:\/\/sinasefesm.com\/wp-content\/uploads\/2026\/04\/9-foto-Claudia-fala-1200x800.jpeg 1200w, https:\/\/sinasefesm.com\/wp-content\/uploads\/2026\/04\/9-foto-Claudia-fala.jpeg 1600w\" sizes=\"(max-width: 1024px) 100vw, 1024px\" \/><\/figure>\n\n\n\n<p><br><em>Texto: Fritz Rivail<br>Fotos: Miriane Fonseca e Assufsm<\/em><\/p>\n","protected":false},"excerpt":{"rendered":"<p>Na manh\u00e3 de ter\u00e7a, 28 de abril, a coordenadora-geral do Sinasefe SM, Cl\u00e1udia do Amaral, e a Secret\u00e1ria de Comunica\u00e7\u00e3o, Forma\u00e7\u00e3o Pol\u00edtica e Sindical da entidade, Miriane Fonseca, participaram da atividade de mobiliza\u00e7\u00e3o do sindicato dos t\u00e9cnicos e t\u00e9cnicas da UFSM (Assufsm), que ocorreu no hall da reitoria da UFSM. J\u00e1 no in\u00edcio da reuni\u00e3o,<\/p>\n","protected":false},"author":7,"featured_media":8144,"comment_status":"open","ping_status":"open","sticky":false,"template":"","format":"standard","meta":{"footnotes":""},"categories":[1,41],"tags":[],"class_list":{"0":"post-8143","1":"post","2":"type-post","3":"status-publish","4":"format-standard","5":"has-post-thumbnail","7":"category-blog","8":"category-movimento"},"_links":{"self":[{"href":"https:\/\/sinasefesm.com\/index.php\/wp-json\/wp\/v2\/posts\/8143","targetHints":{"allow":["GET"]}}],"collection":[{"href":"https:\/\/sinasefesm.com\/index.php\/wp-json\/wp\/v2\/posts"}],"about":[{"href":"https:\/\/sinasefesm.com\/index.php\/wp-json\/wp\/v2\/types\/post"}],"author":[{"embeddable":true,"href":"https:\/\/sinasefesm.com\/index.php\/wp-json\/wp\/v2\/users\/7"}],"replies":[{"embeddable":true,"href":"https:\/\/sinasefesm.com\/index.php\/wp-json\/wp\/v2\/comments?post=8143"}],"version-history":[{"count":1,"href":"https:\/\/sinasefesm.com\/index.php\/wp-json\/wp\/v2\/posts\/8143\/revisions"}],"predecessor-version":[{"id":8147,"href":"https:\/\/sinasefesm.com\/index.php\/wp-json\/wp\/v2\/posts\/8143\/revisions\/8147"}],"wp:featuredmedia":[{"embeddable":true,"href":"https:\/\/sinasefesm.com\/index.php\/wp-json\/wp\/v2\/media\/8144"}],"wp:attachment":[{"href":"https:\/\/sinasefesm.com\/index.php\/wp-json\/wp\/v2\/media?parent=8143"}],"wp:term":[{"taxonomy":"category","embeddable":true,"href":"https:\/\/sinasefesm.com\/index.php\/wp-json\/wp\/v2\/categories?post=8143"},{"taxonomy":"post_tag","embeddable":true,"href":"https:\/\/sinasefesm.com\/index.php\/wp-json\/wp\/v2\/tags?post=8143"}],"curies":[{"name":"wp","href":"https:\/\/api.w.org\/{rel}","templated":true}]}}