{"id":8149,"date":"2026-04-30T19:14:51","date_gmt":"2026-04-30T22:14:51","guid":{"rendered":"https:\/\/sinasefesm.com\/?p=8149"},"modified":"2026-04-30T19:14:52","modified_gmt":"2026-04-30T22:14:52","slug":"sindicato-promove-coleta-de-assinaturas-para-reativacao-da-cebtt","status":"publish","type":"post","link":"https:\/\/sinasefesm.com\/index.php\/2026\/04\/30\/sindicato-promove-coleta-de-assinaturas-para-reativacao-da-cebtt\/","title":{"rendered":"Sindicato promove coleta de assinaturas para reativa\u00e7\u00e3o da CEBTT"},"content":{"rendered":"\n<p>A diretoria do Sinasefe SM est\u00e1 visitando as escolas vinculadas \u00e0 UFSM (CTISM, Polit\u00e9cnico e Ip\u00ea Amarelo), bem como outros setores da universidade, coletando assinaturas que far\u00e3o parte de um documento que reivindica a reativa\u00e7\u00e3o da Coordenadoria EBTT (CEBTT). O documento com assinaturas dever\u00e1 ser entregue junto com um requerimento elaborado pelo sindicato \u00e0 Reitoria da UFSM.<\/p>\n\n\n\n<p>Na manh\u00e3 desta quinta, 30 de abril, Cl\u00e1udia do Amaral e Miriane Fonseca, coordenadora e diretora da se\u00e7\u00e3o sindical, fizeram uma passada pelo Polit\u00e9cnico, buscando esse apoio, tanto de docentes, como de t\u00e9cnicos\/as e tamb\u00e9m de estudantes.<\/p>\n\n\n\n<p>Essa a\u00e7\u00e3o seguiu no turno da tarde, com mais um corpo a corpo, tanto no Polit\u00e9cnico como tamb\u00e9m no CTISM.<\/p>\n\n\n\n<figure class=\"wp-block-image size-large is-resized\"><img fetchpriority=\"high\" decoding=\"async\" width=\"1024\" height=\"768\" src=\"https:\/\/sinasefesm.com\/wp-content\/uploads\/2026\/04\/4-1024x768.jpeg\" alt=\"\" class=\"wp-image-8151\" style=\"width:493px;height:auto\" srcset=\"https:\/\/sinasefesm.com\/wp-content\/uploads\/2026\/04\/4-1024x768.jpeg 1024w, https:\/\/sinasefesm.com\/wp-content\/uploads\/2026\/04\/4-300x225.jpeg 300w, https:\/\/sinasefesm.com\/wp-content\/uploads\/2026\/04\/4-768x576.jpeg 768w, https:\/\/sinasefesm.com\/wp-content\/uploads\/2026\/04\/4-150x113.jpeg 150w, https:\/\/sinasefesm.com\/wp-content\/uploads\/2026\/04\/4-450x338.jpeg 450w, https:\/\/sinasefesm.com\/wp-content\/uploads\/2026\/04\/4-1200x900.jpeg 1200w, https:\/\/sinasefesm.com\/wp-content\/uploads\/2026\/04\/4.jpeg 1280w\" sizes=\"(max-width: 1024px) 100vw, 1024px\" \/><\/figure>\n\n\n\n<p><strong>Como faz para assinar o documento?<\/strong><\/p>\n\n\n\n<p>Para as e os interessados que quiserem colaborar, assinando o documento, h\u00e1 c\u00f3pia dispon\u00edvel na Secretaria Administrativa do Col\u00e9gio Polit\u00e9cnico. O documento fica no local at\u00e9 o dia 6 de maio.<\/p>\n\n\n\n<p>Conforme Miriane Fonseca, esse trabalho do Sinasefe, de busca de assinaturas, dever\u00e1 se estender a outras categorias, com apoio dos demais sindicatos.<\/p>\n\n\n\n<p><strong>Polifeira<\/strong><\/p>\n\n\n\n<p>Cl\u00e1udia e Miriane aproveitaram a atividade da \u2018Polifeira do Agricultor\u2019 que ocorria na tarde desta quinta, data comemorativa de nove anos do projeto, e tamb\u00e9m passaram por l\u00e1 (Largo do Planet\u00e1rio), dialogando com as e os feirantes, e tamb\u00e9m com integrantes da comunidade universit\u00e1ria.<\/p>\n\n\n\n<p>A Polifeira do Agricultor (ou Polifeira da UFSM) \u00e9 um projeto de extens\u00e3o do Col\u00e9gio Polit\u00e9cnico da UFSM que comercializa alimentos saud\u00e1veis, agroecol\u00f3gicos e da agricultura familiar.<\/p>\n\n\n\n<figure class=\"wp-block-image size-large is-resized\"><img decoding=\"async\" width=\"1024\" height=\"768\" src=\"https:\/\/sinasefesm.com\/wp-content\/uploads\/2026\/04\/poli-5-1024x768.jpeg\" alt=\"\" class=\"wp-image-8152\" style=\"width:451px;height:auto\" srcset=\"https:\/\/sinasefesm.com\/wp-content\/uploads\/2026\/04\/poli-5-1024x768.jpeg 1024w, https:\/\/sinasefesm.com\/wp-content\/uploads\/2026\/04\/poli-5-300x225.jpeg 300w, https:\/\/sinasefesm.com\/wp-content\/uploads\/2026\/04\/poli-5-768x576.jpeg 768w, https:\/\/sinasefesm.com\/wp-content\/uploads\/2026\/04\/poli-5-150x113.jpeg 150w, https:\/\/sinasefesm.com\/wp-content\/uploads\/2026\/04\/poli-5-450x338.jpeg 450w, https:\/\/sinasefesm.com\/wp-content\/uploads\/2026\/04\/poli-5-1200x900.jpeg 1200w, https:\/\/sinasefesm.com\/wp-content\/uploads\/2026\/04\/poli-5.jpeg 1280w\" sizes=\"(max-width: 1024px) 100vw, 1024px\" \/><\/figure>\n\n\n\n<p>O projeto tem sua cria\u00e7\u00e3o diretamente ligada \u00e0 valoriza\u00e7\u00e3o da agricultura familiar e desde 2017 a feira busca criar um ambiente prop\u00edcio para a venda, na cidade, de alimentos produzidos no campo e cria tamb\u00e9m um espa\u00e7o formativo, de visibilidade e de gera\u00e7\u00e3o de renda para os agricultores.<\/p>\n\n\n\n<p><br><em>Texto: Fritz Rivail<br>Fotos: Arquivo pessoal de Miriane Fonseca<\/em><\/p>\n","protected":false},"excerpt":{"rendered":"<p>A diretoria do Sinasefe SM est\u00e1 visitando as escolas vinculadas \u00e0 UFSM (CTISM, Polit\u00e9cnico e Ip\u00ea Amarelo), bem como outros setores da universidade, coletando assinaturas que far\u00e3o parte de um documento que reivindica a reativa\u00e7\u00e3o da Coordenadoria EBTT (CEBTT). O documento com assinaturas dever\u00e1 ser entregue junto com um requerimento elaborado pelo sindicato \u00e0 Reitoria<\/p>\n","protected":false},"author":7,"featured_media":8150,"comment_status":"open","ping_status":"open","sticky":false,"template":"","format":"standard","meta":{"footnotes":""},"categories":[41],"tags":[],"class_list":{"0":"post-8149","1":"post","2":"type-post","3":"status-publish","4":"format-standard","5":"has-post-thumbnail","7":"category-movimento"},"_links":{"self":[{"href":"https:\/\/sinasefesm.com\/index.php\/wp-json\/wp\/v2\/posts\/8149","targetHints":{"allow":["GET"]}}],"collection":[{"href":"https:\/\/sinasefesm.com\/index.php\/wp-json\/wp\/v2\/posts"}],"about":[{"href":"https:\/\/sinasefesm.com\/index.php\/wp-json\/wp\/v2\/types\/post"}],"author":[{"embeddable":true,"href":"https:\/\/sinasefesm.com\/index.php\/wp-json\/wp\/v2\/users\/7"}],"replies":[{"embeddable":true,"href":"https:\/\/sinasefesm.com\/index.php\/wp-json\/wp\/v2\/comments?post=8149"}],"version-history":[{"count":1,"href":"https:\/\/sinasefesm.com\/index.php\/wp-json\/wp\/v2\/posts\/8149\/revisions"}],"predecessor-version":[{"id":8153,"href":"https:\/\/sinasefesm.com\/index.php\/wp-json\/wp\/v2\/posts\/8149\/revisions\/8153"}],"wp:featuredmedia":[{"embeddable":true,"href":"https:\/\/sinasefesm.com\/index.php\/wp-json\/wp\/v2\/media\/8150"}],"wp:attachment":[{"href":"https:\/\/sinasefesm.com\/index.php\/wp-json\/wp\/v2\/media?parent=8149"}],"wp:term":[{"taxonomy":"category","embeddable":true,"href":"https:\/\/sinasefesm.com\/index.php\/wp-json\/wp\/v2\/categories?post=8149"},{"taxonomy":"post_tag","embeddable":true,"href":"https:\/\/sinasefesm.com\/index.php\/wp-json\/wp\/v2\/tags?post=8149"}],"curies":[{"name":"wp","href":"https:\/\/api.w.org\/{rel}","templated":true}]}}