{"id":8154,"date":"2026-05-01T10:39:36","date_gmt":"2026-05-01T13:39:36","guid":{"rendered":"https:\/\/sinasefesm.com\/?p=8154"},"modified":"2026-05-01T10:39:37","modified_gmt":"2026-05-01T13:39:37","slug":"feliz-1o-de-maio-dia-do-trabalhador-e-da-trabalhadora","status":"publish","type":"post","link":"https:\/\/sinasefesm.com\/index.php\/2026\/05\/01\/feliz-1o-de-maio-dia-do-trabalhador-e-da-trabalhadora\/","title":{"rendered":"Feliz 1\u00ba de Maio: dia do trabalhador e da trabalhadora"},"content":{"rendered":"\n<p>Neste 1\u00ba de maio, o Sinasefe Santa Maria quer convidar a todos e a todas a refletir sobre a import\u00e2ncia das e dos trabalhadores.<\/p>\n\n\n\n<p>Temos as nossas reivindica\u00e7\u00f5es espec\u00edficas, enquanto categoria EBTT, mas tamb\u00e9m queremos nos somar em defesa do servi\u00e7o p\u00fablico em geral, e em favor de pautas mais amplas, como o fim da jornada 6 x 1, o fim das terceiriza\u00e7\u00f5es, contra as privatiza\u00e7\u00f5es e a favor de um ensino p\u00fablico de qualidade e que atenda a quem mais precisa.<\/p>\n\n\n\n<p>Parab\u00e9ns a toda a categoria EBTT por se somar nessa luta por um mundo melhor.<\/p>\n\n\n\n<p><strong>Festival de Trabalhadores e Trabalhadoras<\/strong><\/p>\n\n\n\n<p>Em Santa Maria, a agenda de sindicatos e movimentos sociais, que tinha programa\u00e7\u00e3o para hoje (sexta) foi transferida para domingo, 3 de maio, em fun\u00e7\u00e3o da previs\u00e3o de chuva.<\/p>\n\n\n\n<p>O&nbsp;<strong><em>Festival das e dos Trabalhadores: Cultura em Movimento<\/em><\/strong>, dever\u00e1 ocorrer no domingo, 3, das 13h \u00e0s 20h, na Pra\u00e7a do Mallet.<\/p>\n\n\n\n<p>A programa\u00e7\u00e3o contar\u00e1 com shows, apresenta\u00e7\u00f5es art\u00edsticas e feiras, al\u00e9m de pra\u00e7a de alimenta\u00e7\u00e3o, espa\u00e7o kids e estrutura para sindicatos e movimentos. Entre as&nbsp;atra\u00e7\u00f5es est\u00e3o Marcelo Amaro e Igor Peres,&nbsp;Paola Matos, Inseto Social, Aparelho Auditivo, Martelo, The Old Uncles, Cia de Dan\u00e7a de Camargo, Cia do Hip-Hop Mecanic,&nbsp;Mojub\u00e1 e Coletivo Movimento de Rua. O encerramento ser\u00e1 com a apresenta\u00e7\u00e3o das escolas de samba locais.&nbsp;<\/p>\n\n\n\n<p><strong>Arrecada\u00e7\u00e3o de alimentos &#8211;<\/strong>&nbsp;Haver\u00e1 tamb\u00e9m um espa\u00e7o de arrecada\u00e7\u00e3o de alimentos para serem utilizados pelas cozinhas solid\u00e1rias da cidade, respons\u00e1veis por distribuir refei\u00e7\u00f5es \u00e0 popula\u00e7\u00e3o de rua e em vulnerabilidade social.<\/p>\n\n\n\n<p><em>Texto: Fritz Rivail<\/em><\/p>\n","protected":false},"excerpt":{"rendered":"<p>Neste 1\u00ba de maio, o Sinasefe Santa Maria quer convidar a todos e a todas a refletir sobre a import\u00e2ncia das e dos trabalhadores. Temos as nossas reivindica\u00e7\u00f5es espec\u00edficas, enquanto categoria EBTT, mas tamb\u00e9m queremos nos somar em defesa do servi\u00e7o p\u00fablico em geral, e em favor de pautas mais amplas, como o fim da<\/p>\n","protected":false},"author":7,"featured_media":8155,"comment_status":"open","ping_status":"open","sticky":false,"template":"","format":"standard","meta":{"footnotes":""},"categories":[39],"tags":[],"class_list":{"0":"post-8154","1":"post","2":"type-post","3":"status-publish","4":"format-standard","5":"has-post-thumbnail","7":"category-eventos"},"_links":{"self":[{"href":"https:\/\/sinasefesm.com\/index.php\/wp-json\/wp\/v2\/posts\/8154","targetHints":{"allow":["GET"]}}],"collection":[{"href":"https:\/\/sinasefesm.com\/index.php\/wp-json\/wp\/v2\/posts"}],"about":[{"href":"https:\/\/sinasefesm.com\/index.php\/wp-json\/wp\/v2\/types\/post"}],"author":[{"embeddable":true,"href":"https:\/\/sinasefesm.com\/index.php\/wp-json\/wp\/v2\/users\/7"}],"replies":[{"embeddable":true,"href":"https:\/\/sinasefesm.com\/index.php\/wp-json\/wp\/v2\/comments?post=8154"}],"version-history":[{"count":1,"href":"https:\/\/sinasefesm.com\/index.php\/wp-json\/wp\/v2\/posts\/8154\/revisions"}],"predecessor-version":[{"id":8156,"href":"https:\/\/sinasefesm.com\/index.php\/wp-json\/wp\/v2\/posts\/8154\/revisions\/8156"}],"wp:featuredmedia":[{"embeddable":true,"href":"https:\/\/sinasefesm.com\/index.php\/wp-json\/wp\/v2\/media\/8155"}],"wp:attachment":[{"href":"https:\/\/sinasefesm.com\/index.php\/wp-json\/wp\/v2\/media?parent=8154"}],"wp:term":[{"taxonomy":"category","embeddable":true,"href":"https:\/\/sinasefesm.com\/index.php\/wp-json\/wp\/v2\/categories?post=8154"},{"taxonomy":"post_tag","embeddable":true,"href":"https:\/\/sinasefesm.com\/index.php\/wp-json\/wp\/v2\/tags?post=8154"}],"curies":[{"name":"wp","href":"https:\/\/api.w.org\/{rel}","templated":true}]}}