{"id":8408,"date":"2026-09-02T19:55:42","date_gmt":"2026-09-02T22:55:42","guid":{"rendered":"https:\/\/sinasefesm.com\/?p=8408"},"modified":"2026-09-02T19:55:43","modified_gmt":"2026-09-02T22:55:43","slug":"assembleia-elege-delegado-ao-38o-consinasefe","status":"publish","type":"post","link":"https:\/\/sinasefesm.com\/index.php\/2026\/09\/02\/assembleia-elege-delegado-ao-38o-consinasefe\/","title":{"rendered":"Assembleia elege delegado ao 38\u00ba Consinasefe"},"content":{"rendered":"\n<p>Em assembleia realizada na \u00faltima sexta, 28 de agosto, o Sinasefe Santa Maria escolheu um representante para participar do 38\u00ba Congresso Nacional do Sinasefe (Consinasefe). O eleito foi o coordenador-geral da se\u00e7\u00e3o sindical, Ad\u00e3o Pillar Damasceno. O evento acontece de 3 a 7 de novembro, em Bras\u00edlia.<\/p>\n\n\n\n<p>O <a href=\"https:\/\/sinasefe.org.br\/consinasefe\/2026\/08\/20\/38o-consinasefe-programacao\/\">38\u00ba Consinasefe<\/a> tem como tema:\u00a0<em>\u201cFortalecer o SINASEFE para defender a educa\u00e7\u00e3o p\u00fablica, a democracia, a soberania e a luta da classe trabalhadora contra o neoliberalismo e a extrema direita\u201d.<\/em><\/p>\n\n\n\n<p>O evento ter\u00e1 <a href=\"https:\/\/sinasefe.org.br\/consinasefe\/o-que-e-2\" target=\"_blank\" rel=\"noreferrer noopener\">car\u00e1ter eleitoral<\/a> com a realiza\u00e7\u00e3o de elei\u00e7\u00f5es simult\u00e2neas para o&nbsp;<a href=\"https:\/\/sinasefe.org.br\/site\/comissoes\/conselho-fiscal\" target=\"_blank\" rel=\"noreferrer noopener\">Conselho Fiscal<\/a>, o&nbsp;<a href=\"https:\/\/sinasefe.org.br\/site\/comissoes\/conselho-de-etica\" target=\"_blank\" rel=\"noreferrer noopener\">Conselho de \u00c9tica<\/a>&nbsp;e a 16\u00aa&nbsp;<a href=\"https:\/\/sinasefe.org.br\/site\/sinasefe\/direcao-nacional\" target=\"_blank\" rel=\"noreferrer noopener\">Dire\u00e7\u00e3o Nacional Colegiada<\/a>&nbsp;do Sinasefe \u2013 todos com mandato para o bi\u00eanio 2026-2028.<\/p>\n\n\n\n<p><\/p>\n","protected":false},"excerpt":{"rendered":"<p>Em assembleia realizada na \u00faltima sexta, 28 de agosto, o Sinasefe Santa Maria escolheu um representante para participar do 38\u00ba Congresso Nacional do Sinasefe (Consinasefe). O eleito foi o coordenador-geral da se\u00e7\u00e3o sindical, Ad\u00e3o Pillar Damasceno. O evento acontece de 3 a 7 de novembro, em Bras\u00edlia. O 38\u00ba Consinasefe tem como tema:\u00a0\u201cFortalecer o SINASEFE<\/p>\n","protected":false},"author":7,"featured_media":8409,"comment_status":"open","ping_status":"open","sticky":false,"template":"","format":"standard","meta":{"footnotes":""},"categories":[41],"tags":[],"class_list":{"0":"post-8408","1":"post","2":"type-post","3":"status-publish","4":"format-standard","5":"has-post-thumbnail","7":"category-movimento"},"_links":{"self":[{"href":"https:\/\/sinasefesm.com\/index.php\/wp-json\/wp\/v2\/posts\/8408","targetHints":{"allow":["GET"]}}],"collection":[{"href":"https:\/\/sinasefesm.com\/index.php\/wp-json\/wp\/v2\/posts"}],"about":[{"href":"https:\/\/sinasefesm.com\/index.php\/wp-json\/wp\/v2\/types\/post"}],"author":[{"embeddable":true,"href":"https:\/\/sinasefesm.com\/index.php\/wp-json\/wp\/v2\/users\/7"}],"replies":[{"embeddable":true,"href":"https:\/\/sinasefesm.com\/index.php\/wp-json\/wp\/v2\/comments?post=8408"}],"version-history":[{"count":1,"href":"https:\/\/sinasefesm.com\/index.php\/wp-json\/wp\/v2\/posts\/8408\/revisions"}],"predecessor-version":[{"id":8410,"href":"https:\/\/sinasefesm.com\/index.php\/wp-json\/wp\/v2\/posts\/8408\/revisions\/8410"}],"wp:featuredmedia":[{"embeddable":true,"href":"https:\/\/sinasefesm.com\/index.php\/wp-json\/wp\/v2\/media\/8409"}],"wp:attachment":[{"href":"https:\/\/sinasefesm.com\/index.php\/wp-json\/wp\/v2\/media?parent=8408"}],"wp:term":[{"taxonomy":"category","embeddable":true,"href":"https:\/\/sinasefesm.com\/index.php\/wp-json\/wp\/v2\/categories?post=8408"},{"taxonomy":"post_tag","embeddable":true,"href":"https:\/\/sinasefesm.com\/index.php\/wp-json\/wp\/v2\/tags?post=8408"}],"curies":[{"name":"wp","href":"https:\/\/api.w.org\/{rel}","templated":true}]}}